{"id":17439,"date":"2019-05-03T21:23:25","date_gmt":"2019-05-03T21:23:25","guid":{"rendered":"http:\/\/centralmedia.rs\/?p=17439"},"modified":"2019-05-07T11:28:12","modified_gmt":"2019-05-07T11:28:12","slug":"medunarodni-festival-folklora-u-isakovu-kod-cuprije","status":"publish","type":"post","link":"https:\/\/centralmedia.rs\/index.php\/2019\/05\/03\/medunarodni-festival-folklora-u-isakovu-kod-cuprije\/","title":{"rendered":"ME\u0110UNARODNI FESTIVAL FOLKLORA U ISAKOVU KOD \u0106UPRIJE"},"content":{"rendered":"<p>\u0106UPRIJA- Na me\u0111unarodnom Festivalu folklora u Isakovu kod \u0106uprije u\u010destvovalo je 18 kulturno-umetni\u010dlkih dru\u0161tava sa preko 400 u\u010desnika uz u\u010de\u0161\u0107e folklora iz Rumunije i Bugarske. Doma\u0107in je bio \u00a0KUD \u201eHoreum Margi\u201c iz Isakova.<\/p>\n<p>-Festival je odr\u017ean pred Uskrs, a na sam dan odr\u017eana je tradicionalna Igranka u Domu kuluture, posle toga vladika Brani\u010devski Ignjatije osve\u0161tao je ikonopis. Re\u010d je o radovima Stefana Derikonji\u0107a iz Priboja i Stanoja Bogi\u0107evi\u0107a iz Jagodine. U planu je asfaltiranje dve ulica du\u017ee od po kilometra do kraja godine. Formira\u0107emo fudbalski klub, jaka je lova\u010dka sekcija, renoviran je Dom kulture uz pomo\u0107 op\u0161tine, rekao je predsednik MZ Franko Truji\u0107.<\/p>\n<p><img loading=\"lazy\" decoding=\"async\" class=\"alignnone wp-image-17441 size-full\" src=\"http:\/\/centralmedia.rs\/wp-content\/uploads\/2019\/05\/crkva.jpg\" alt=\"\" width=\"466\" height=\"960\" srcset=\"https:\/\/centralmedia.rs\/wp-content\/uploads\/2019\/05\/crkva.jpg 466w, https:\/\/centralmedia.rs\/wp-content\/uploads\/2019\/05\/crkva-146x300.jpg 146w, https:\/\/centralmedia.rs\/wp-content\/uploads\/2019\/05\/crkva-204x420.jpg 204w\" sizes=\"(max-width: 466px) 100vw, 466px\" \/><\/p>\n<p>Vladika Ignjatije se obratio okupljenim me\u0161tanima i poru\u010dio im da nastave da grade svoj hram Svete Petke. \u010cinom osve\u0161tavanja ikonopisa okon\u010dane su vi\u0161ednevne Uskr\u0161nje sve\u010danosti u Isakovu.<\/p>\n","protected":false},"excerpt":{"rendered":"<p>\u0106UPRIJA- Na me\u0111unarodnom Festivalu folklora u Isakovu kod \u0106uprije u\u010destvovalo je 18 kulturno-umetni\u010dlkih dru\u0161tava sa preko 400 u\u010desnika uz u\u010de\u0161\u0107e folklora iz Rumunije i Bugarske. &hellip; <\/p>\n","protected":false},"author":2,"featured_media":17440,"comment_status":"open","ping_status":"open","sticky":false,"template":"","format":"standard","meta":{"footnotes":""},"categories":[1515,14,1524,2,887,12],"tags":[44,2287,3677],"_links":{"self":[{"href":"https:\/\/centralmedia.rs\/index.php\/wp-json\/wp\/v2\/posts\/17439"}],"collection":[{"href":"https:\/\/centralmedia.rs\/index.php\/wp-json\/wp\/v2\/posts"}],"about":[{"href":"https:\/\/centralmedia.rs\/index.php\/wp-json\/wp\/v2\/types\/post"}],"author":[{"embeddable":true,"href":"https:\/\/centralmedia.rs\/index.php\/wp-json\/wp\/v2\/users\/2"}],"replies":[{"embeddable":true,"href":"https:\/\/centralmedia.rs\/index.php\/wp-json\/wp\/v2\/comments?post=17439"}],"version-history":[{"count":1,"href":"https:\/\/centralmedia.rs\/index.php\/wp-json\/wp\/v2\/posts\/17439\/revisions"}],"predecessor-version":[{"id":17442,"href":"https:\/\/centralmedia.rs\/index.php\/wp-json\/wp\/v2\/posts\/17439\/revisions\/17442"}],"wp:featuredmedia":[{"embeddable":true,"href":"https:\/\/centralmedia.rs\/index.php\/wp-json\/wp\/v2\/media\/17440"}],"wp:attachment":[{"href":"https:\/\/centralmedia.rs\/index.php\/wp-json\/wp\/v2\/media?parent=17439"}],"wp:term":[{"taxonomy":"category","embeddable":true,"href":"https:\/\/centralmedia.rs\/index.php\/wp-json\/wp\/v2\/categories?post=17439"},{"taxonomy":"post_tag","embeddable":true,"href":"https:\/\/centralmedia.rs\/index.php\/wp-json\/wp\/v2\/tags?post=17439"}],"curies":[{"name":"wp","href":"https:\/\/api.w.org\/{rel}","templated":true}]}}