{"id":17443,"date":"2019-05-03T22:25:13","date_gmt":"2019-05-03T22:25:13","guid":{"rendered":"http:\/\/centralmedia.rs\/?p=17443"},"modified":"2019-05-07T11:28:19","modified_gmt":"2019-05-07T11:28:19","slug":"asfaltiranje-ulica-u-paracinu","status":"publish","type":"post","link":"https:\/\/centralmedia.rs\/index.php\/2019\/05\/03\/asfaltiranje-ulica-u-paracinu\/","title":{"rendered":"ASFALTIRANJE ULICA U PARA\u0106INU"},"content":{"rendered":"<p>PARA\u0106IN- Zavr\u0161ne radove u delu ulice Cara Du\u0161ana, kod \u0161kole &#8220;Mom\u010dilo Popovi\u0107&#8221; obi\u0161ao je predsednik Op\u0161tine Para\u0107in Sa\u0161a Paunovi\u0107. Ulica Cara Du\u0161ana jedna je od 24 gradske i prigradske ulice koje su planirane za rekonstrukciju tokom ove godine.<\/p>\n<div id='gallery-1' class='gallery galleryid-17443 gallery-columns-5 gallery-size-thumbnail'><figure class='gallery-item'>\n\t\t\t<div class='gallery-icon landscape'>\n\t\t\t\t<a href='https:\/\/centralmedia.rs\/index.php\/2019\/05\/03\/asfaltiranje-ulica-u-paracinu\/aafalt-3\/'><img loading=\"lazy\" decoding=\"async\" width=\"150\" height=\"150\" src=\"https:\/\/centralmedia.rs\/wp-content\/uploads\/2019\/05\/aafalt-3-150x150.jpg\" class=\"attachment-thumbnail size-thumbnail\" alt=\"\" \/><\/a>\n\t\t\t<\/div><\/figure><figure class='gallery-item'>\n\t\t\t<div class='gallery-icon landscape'>\n\t\t\t\t<a href='https:\/\/centralmedia.rs\/index.php\/2019\/05\/03\/asfaltiranje-ulica-u-paracinu\/asfalt-2\/'><img loading=\"lazy\" decoding=\"async\" width=\"150\" height=\"150\" src=\"https:\/\/centralmedia.rs\/wp-content\/uploads\/2019\/05\/asfalt-2-150x150.jpg\" class=\"attachment-thumbnail size-thumbnail\" alt=\"\" \/><\/a>\n\t\t\t<\/div><\/figure><figure class='gallery-item'>\n\t\t\t<div class='gallery-icon landscape'>\n\t\t\t\t<a href='https:\/\/centralmedia.rs\/index.php\/2019\/05\/03\/asfaltiranje-ulica-u-paracinu\/asfalt-4\/'><img loading=\"lazy\" decoding=\"async\" width=\"150\" height=\"150\" src=\"https:\/\/centralmedia.rs\/wp-content\/uploads\/2019\/05\/asfalt-4-150x150.jpg\" class=\"attachment-thumbnail size-thumbnail\" alt=\"\" \/><\/a>\n\t\t\t<\/div><\/figure><figure class='gallery-item'>\n\t\t\t<div class='gallery-icon landscape'>\n\t\t\t\t<a href='https:\/\/centralmedia.rs\/index.php\/2019\/05\/03\/asfaltiranje-ulica-u-paracinu\/asfalt-5\/'><img loading=\"lazy\" decoding=\"async\" width=\"150\" height=\"150\" src=\"https:\/\/centralmedia.rs\/wp-content\/uploads\/2019\/05\/asfalt-5-150x150.jpg\" class=\"attachment-thumbnail size-thumbnail\" alt=\"\" \/><\/a>\n\t\t\t<\/div><\/figure><figure class='gallery-item'>\n\t\t\t<div class='gallery-icon landscape'>\n\t\t\t\t<a href='https:\/\/centralmedia.rs\/index.php\/2019\/05\/03\/asfaltiranje-ulica-u-paracinu\/asfalt1\/'><img loading=\"lazy\" decoding=\"async\" width=\"150\" height=\"150\" src=\"https:\/\/centralmedia.rs\/wp-content\/uploads\/2019\/05\/asfalt1-150x150.jpg\" class=\"attachment-thumbnail size-thumbnail\" alt=\"\" \/><\/a>\n\t\t\t<\/div><\/figure>\n\t\t<\/div>\n\n<p>Ura\u0111eno asfaltiranje prve ulice u gardu, gde je ve\u0107 zamenjena vodovodna mre\u017ea dogra\u0111en i zamenjen trotoar pored \u0161kole. U ostalim gradskim ulicama prvo se radi zamena vodovodne mre\u017ee, pa onda asfaltiranej i zamna ostalih instalacija. Zato radovi ne idu brzo. U prigradskim naseljima asfaltiramo ulice koje smo uspeli imovinski da re\u0161imo, dok kanalizacionu i vodovodnu mre\u017eu gradimo tamo gde smo dobili saglasnost, ali ulice ne mo\u017eemo da gradimo dok zemlji\u0161te ne pre\u0111e u vlasni\u0161tvo op\u0161tine i to je glavni problem, ka\u017ee predsednik op\u0161tine Sa\u0161a Paunovi\u0107 i dodaje da je posle poplo\u010dane \u0160ava\u010dke u Dankovu ovo je druga ulica iz ovogodi\u0161njeg programa izgradnje i rekonstrukcije gradskih i prigradskih saobra\u0107ajnica.<\/p>\n","protected":false},"excerpt":{"rendered":"<p>PARA\u0106IN- Zavr\u0161ne radove u delu ulice Cara Du\u0161ana, kod \u0161kole &#8220;Mom\u010dilo Popovi\u0107&#8221; obi\u0161ao je predsednik Op\u0161tine Para\u0107in Sa\u0161a Paunovi\u0107. Ulica Cara Du\u0161ana jedna je od &hellip; <\/p>\n","protected":false},"author":2,"featured_media":17444,"comment_status":"open","ping_status":"open","sticky":false,"template":"","format":"standard","meta":{"footnotes":""},"categories":[1524,2,1516,887,16,12],"tags":[3678,156,1122],"_links":{"self":[{"href":"https:\/\/centralmedia.rs\/index.php\/wp-json\/wp\/v2\/posts\/17443"}],"collection":[{"href":"https:\/\/centralmedia.rs\/index.php\/wp-json\/wp\/v2\/posts"}],"about":[{"href":"https:\/\/centralmedia.rs\/index.php\/wp-json\/wp\/v2\/types\/post"}],"author":[{"embeddable":true,"href":"https:\/\/centralmedia.rs\/index.php\/wp-json\/wp\/v2\/users\/2"}],"replies":[{"embeddable":true,"href":"https:\/\/centralmedia.rs\/index.php\/wp-json\/wp\/v2\/comments?post=17443"}],"version-history":[{"count":1,"href":"https:\/\/centralmedia.rs\/index.php\/wp-json\/wp\/v2\/posts\/17443\/revisions"}],"predecessor-version":[{"id":17450,"href":"https:\/\/centralmedia.rs\/index.php\/wp-json\/wp\/v2\/posts\/17443\/revisions\/17450"}],"wp:featuredmedia":[{"embeddable":true,"href":"https:\/\/centralmedia.rs\/index.php\/wp-json\/wp\/v2\/media\/17444"}],"wp:attachment":[{"href":"https:\/\/centralmedia.rs\/index.php\/wp-json\/wp\/v2\/media?parent=17443"}],"wp:term":[{"taxonomy":"category","embeddable":true,"href":"https:\/\/centralmedia.rs\/index.php\/wp-json\/wp\/v2\/categories?post=17443"},{"taxonomy":"post_tag","embeddable":true,"href":"https:\/\/centralmedia.rs\/index.php\/wp-json\/wp\/v2\/tags?post=17443"}],"curies":[{"name":"wp","href":"https:\/\/api.w.org\/{rel}","templated":true}]}}