{"id":17451,"date":"2019-05-03T23:46:55","date_gmt":"2019-05-03T23:46:55","guid":{"rendered":"http:\/\/centralmedia.rs\/?p=17451"},"modified":"2019-05-07T11:28:32","modified_gmt":"2019-05-07T11:28:32","slug":"decenija-plave-sljive-u-gornjoj-resavi","status":"publish","type":"post","link":"https:\/\/centralmedia.rs\/index.php\/2019\/05\/03\/decenija-plave-sljive-u-gornjoj-resavi\/","title":{"rendered":"DECENIJA ,,PLAVE \u0160LJIVE&#8221; U GORNJOJ RESAVI"},"content":{"rendered":"<p>DESPOTOVAC- U Despotovcu je obele\u017eeno deset godina postojanja udru\u017eenja &#8220;Plava \u0161ljiva&#8221;. Uz jubilej predstavnici i prijatelji udru\u017eenja predstavili su i monografiju &#8220;10 godina udru\u017eenja vo\u0107ara i vinogradara -Plava \u0161ljiva- Despotovac, 2008 &#8211; 2018&#8221;.<\/p>\n<div id='gallery-1' class='gallery galleryid-17451 gallery-columns-3 gallery-size-full'><figure class='gallery-item'>\n\t\t\t<div class='gallery-icon portrait'>\n\t\t\t\t<a href='https:\/\/centralmedia.rs\/index.php\/2019\/05\/03\/decenija-plave-sljive-u-gornjoj-resavi\/sljiva1\/'><img loading=\"lazy\" decoding=\"async\" width=\"703\" height=\"960\" src=\"https:\/\/centralmedia.rs\/wp-content\/uploads\/2019\/05\/sljiva1.jpg\" class=\"attachment-full size-full\" alt=\"\" srcset=\"https:\/\/centralmedia.rs\/wp-content\/uploads\/2019\/05\/sljiva1.jpg 703w, https:\/\/centralmedia.rs\/wp-content\/uploads\/2019\/05\/sljiva1-220x300.jpg 220w, https:\/\/centralmedia.rs\/wp-content\/uploads\/2019\/05\/sljiva1-308x420.jpg 308w, https:\/\/centralmedia.rs\/wp-content\/uploads\/2019\/05\/sljiva1-640x874.jpg 640w, https:\/\/centralmedia.rs\/wp-content\/uploads\/2019\/05\/sljiva1-681x930.jpg 681w\" sizes=\"(max-width: 703px) 100vw, 703px\" \/><\/a>\n\t\t\t<\/div><\/figure><figure class='gallery-item'>\n\t\t\t<div class='gallery-icon landscape'>\n\t\t\t\t<a href='https:\/\/centralmedia.rs\/index.php\/2019\/05\/03\/decenija-plave-sljive-u-gornjoj-resavi\/svljiva\/'><img loading=\"lazy\" decoding=\"async\" width=\"1550\" height=\"1024\" src=\"https:\/\/centralmedia.rs\/wp-content\/uploads\/2019\/05\/svljiva.jpg\" class=\"attachment-full size-full\" alt=\"\" srcset=\"https:\/\/centralmedia.rs\/wp-content\/uploads\/2019\/05\/svljiva.jpg 1550w, https:\/\/centralmedia.rs\/wp-content\/uploads\/2019\/05\/svljiva-300x198.jpg 300w, https:\/\/centralmedia.rs\/wp-content\/uploads\/2019\/05\/svljiva-768x507.jpg 768w, https:\/\/centralmedia.rs\/wp-content\/uploads\/2019\/05\/svljiva-1024x677.jpg 1024w, https:\/\/centralmedia.rs\/wp-content\/uploads\/2019\/05\/svljiva-636x420.jpg 636w, https:\/\/centralmedia.rs\/wp-content\/uploads\/2019\/05\/svljiva-640x423.jpg 640w, https:\/\/centralmedia.rs\/wp-content\/uploads\/2019\/05\/svljiva-681x450.jpg 681w\" sizes=\"(max-width: 1550px) 100vw, 1550px\" \/><\/a>\n\t\t\t<\/div><\/figure><figure class='gallery-item'>\n\t\t\t<div class='gallery-icon landscape'>\n\t\t\t\t<a href='https:\/\/centralmedia.rs\/index.php\/2019\/05\/03\/decenija-plave-sljive-u-gornjoj-resavi\/sljiva\/'><img loading=\"lazy\" decoding=\"async\" width=\"1476\" height=\"896\" src=\"https:\/\/centralmedia.rs\/wp-content\/uploads\/2019\/05\/sljiva.jpg\" class=\"attachment-full size-full\" alt=\"\" srcset=\"https:\/\/centralmedia.rs\/wp-content\/uploads\/2019\/05\/sljiva.jpg 1476w, https:\/\/centralmedia.rs\/wp-content\/uploads\/2019\/05\/sljiva-300x182.jpg 300w, https:\/\/centralmedia.rs\/wp-content\/uploads\/2019\/05\/sljiva-768x466.jpg 768w, https:\/\/centralmedia.rs\/wp-content\/uploads\/2019\/05\/sljiva-1024x622.jpg 1024w, https:\/\/centralmedia.rs\/wp-content\/uploads\/2019\/05\/sljiva-692x420.jpg 692w, https:\/\/centralmedia.rs\/wp-content\/uploads\/2019\/05\/sljiva-640x389.jpg 640w, https:\/\/centralmedia.rs\/wp-content\/uploads\/2019\/05\/sljiva-681x413.jpg 681w\" sizes=\"(max-width: 1476px) 100vw, 1476px\" \/><\/a>\n\t\t\t<\/div><\/figure>\n\t\t<\/div>\n\n<p>-Ova knjiga je pionir u ovoj oblasti, ne\u0161to \u0161to ranije nije postojalo, prakti\u010dna knjiga koja govori o udru\u017eenju vo\u0107ara i vinogradara ali i o istoriji ove oblasti u resavskom kraju. Kombinacija tradicije bavljenja vo\u0107arstvom, kvalitetan rad, ljubav prema vo\u0107arstvu i biznis, to je ono \u0161to daje rezultat a \u0161to se ogleda u ovoj monografiji, bile su re\u010di autora Gojka Zori\u0107a.<\/p>\n<p>Pored autora na predstavljanju ove knjige govorili su i kao predstavnik izdava\u010da monografije, direktorka Narodne biblioteke &#8220;Resavska \u0161kola&#8221; Sanela Simi\u0107, recenzent Momir Popovi\u0107, predstavnik poljoprivredne stanice u Jagodini Igor Andreji\u0107, i predsednik udru\u017eenja &#8220;Plava \u0161ljiva&#8221; Sa\u0161a Ne\u0161i\u0107.<\/p>\n","protected":false},"excerpt":{"rendered":"<p>DESPOTOVAC- U Despotovcu je obele\u017eeno deset godina postojanja udru\u017eenja &#8220;Plava \u0161ljiva&#8221;. Uz jubilej predstavnici i prijatelji udru\u017eenja predstavili su i monografiju &#8220;10 godina udru\u017eenja vo\u0107ara &hellip; <\/p>\n","protected":false},"author":2,"featured_media":17452,"comment_status":"open","ping_status":"open","sticky":false,"template":"","format":"standard","meta":{"footnotes":""},"categories":[22,1518,1524,2,887,12],"tags":[51,3679],"_links":{"self":[{"href":"https:\/\/centralmedia.rs\/index.php\/wp-json\/wp\/v2\/posts\/17451"}],"collection":[{"href":"https:\/\/centralmedia.rs\/index.php\/wp-json\/wp\/v2\/posts"}],"about":[{"href":"https:\/\/centralmedia.rs\/index.php\/wp-json\/wp\/v2\/types\/post"}],"author":[{"embeddable":true,"href":"https:\/\/centralmedia.rs\/index.php\/wp-json\/wp\/v2\/users\/2"}],"replies":[{"embeddable":true,"href":"https:\/\/centralmedia.rs\/index.php\/wp-json\/wp\/v2\/comments?post=17451"}],"version-history":[{"count":1,"href":"https:\/\/centralmedia.rs\/index.php\/wp-json\/wp\/v2\/posts\/17451\/revisions"}],"predecessor-version":[{"id":17455,"href":"https:\/\/centralmedia.rs\/index.php\/wp-json\/wp\/v2\/posts\/17451\/revisions\/17455"}],"wp:featuredmedia":[{"embeddable":true,"href":"https:\/\/centralmedia.rs\/index.php\/wp-json\/wp\/v2\/media\/17452"}],"wp:attachment":[{"href":"https:\/\/centralmedia.rs\/index.php\/wp-json\/wp\/v2\/media?parent=17451"}],"wp:term":[{"taxonomy":"category","embeddable":true,"href":"https:\/\/centralmedia.rs\/index.php\/wp-json\/wp\/v2\/categories?post=17451"},{"taxonomy":"post_tag","embeddable":true,"href":"https:\/\/centralmedia.rs\/index.php\/wp-json\/wp\/v2\/tags?post=17451"}],"curies":[{"name":"wp","href":"https:\/\/api.w.org\/{rel}","templated":true}]}}