{"id":17502,"date":"2019-05-07T10:13:16","date_gmt":"2019-05-07T10:13:16","guid":{"rendered":"http:\/\/centralmedia.rs\/?p=17502"},"modified":"2019-05-10T18:30:21","modified_gmt":"2019-05-10T18:30:21","slug":"veliki-regionalni-sajam-zaposljavanja-u-svilajncu-400-slobodnih-radnih-mesta","status":"publish","type":"post","link":"https:\/\/centralmedia.rs\/index.php\/2019\/05\/07\/veliki-regionalni-sajam-zaposljavanja-u-svilajncu-400-slobodnih-radnih-mesta\/","title":{"rendered":"VELIKI REGIONALNI SAJAM ZAPO\u0160LjAVANjA U SVILAJNCU &#8211; 400 SLOBODNIH RADNIH MESTA"},"content":{"rendered":"<p>SVILAJNAC- Slobodna zona u Svilajncu organizuje Veliki regionalni sajam zapo\u0161ljavanja u subotu, 18. maja, \u00a0od 10 do 17 \u010dasova u Sportskoj hali. Poslodavci iz 30 kompanija ponudi\u0107e 400 radnih mesta.<\/p>\n<p>Prethodnih godina op\u0161tina Svilajnac privukla je brojne investitore \u010dije je ulaganje u \u0161irenje proizvodnih kapaciteta omogu\u0107ilo i veliki broj slobodnih radnih mesta.<\/p>\n<p>&#8211; U ovom trenutku preduze\u0107ima na teritoriji op\u0161tine Svilajnac potrebni su:\u00a0in\u017eenjeri elektronike, ma\u0161instva, prehrambene tehnologije, poljoprivrede, gra\u0111evinski in\u017eenjeri, ekonomisti, pravnici, gra\u0111evinski, ma\u0161inski tehni\u010dari, tehni\u010dari hortikulture, elektro-tehni\u010dari, bravari, zavariva\u010di, elektri\u010dari, vodoinstalateri, tapetari, farbari, stolari, komercijalisti, konobari, kuvari, \u0161ankeri, automehani\u010dari,&#8230;, stoji u saop\u0161tenju Slobodne zone.<\/p>\n<p>Nezaposlena lica iz regiona pozvana su \u00a0da posete Sajam zapo\u0161ljavanja i pogledaju trenutnu ponudu poslova na tr\u017ei\u0161tu rada, uz mou\u0107nost zaposlenja u nekom od stranih, doma\u0107ih, privatnih ili javnih preduze\u0107a: Panasonic, Alfa Technics, Union drvo, A&amp;D Wood, AD Vo\u0107ar, Jugometal, GS Evrometal, Ariston, Ma\u0161inac, Nova breza, Okto i mnogim drugim.<\/p>\n","protected":false},"excerpt":{"rendered":"<p>SVILAJNAC- Slobodna zona u Svilajncu organizuje Veliki regionalni sajam zapo\u0161ljavanja u subotu, 18. maja, \u00a0od 10 do 17 \u010dasova u Sportskoj hali. Poslodavci iz 30 &hellip; <\/p>\n","protected":false},"author":2,"featured_media":17503,"comment_status":"open","ping_status":"open","sticky":false,"template":"","format":"standard","meta":{"footnotes":""},"categories":[22,1524,2,887,12,1517],"tags":[2038,3684],"_links":{"self":[{"href":"https:\/\/centralmedia.rs\/index.php\/wp-json\/wp\/v2\/posts\/17502"}],"collection":[{"href":"https:\/\/centralmedia.rs\/index.php\/wp-json\/wp\/v2\/posts"}],"about":[{"href":"https:\/\/centralmedia.rs\/index.php\/wp-json\/wp\/v2\/types\/post"}],"author":[{"embeddable":true,"href":"https:\/\/centralmedia.rs\/index.php\/wp-json\/wp\/v2\/users\/2"}],"replies":[{"embeddable":true,"href":"https:\/\/centralmedia.rs\/index.php\/wp-json\/wp\/v2\/comments?post=17502"}],"version-history":[{"count":1,"href":"https:\/\/centralmedia.rs\/index.php\/wp-json\/wp\/v2\/posts\/17502\/revisions"}],"predecessor-version":[{"id":17504,"href":"https:\/\/centralmedia.rs\/index.php\/wp-json\/wp\/v2\/posts\/17502\/revisions\/17504"}],"wp:featuredmedia":[{"embeddable":true,"href":"https:\/\/centralmedia.rs\/index.php\/wp-json\/wp\/v2\/media\/17503"}],"wp:attachment":[{"href":"https:\/\/centralmedia.rs\/index.php\/wp-json\/wp\/v2\/media?parent=17502"}],"wp:term":[{"taxonomy":"category","embeddable":true,"href":"https:\/\/centralmedia.rs\/index.php\/wp-json\/wp\/v2\/categories?post=17502"},{"taxonomy":"post_tag","embeddable":true,"href":"https:\/\/centralmedia.rs\/index.php\/wp-json\/wp\/v2\/tags?post=17502"}],"curies":[{"name":"wp","href":"https:\/\/api.w.org\/{rel}","templated":true}]}}