{"id":17505,"date":"2019-05-07T10:17:28","date_gmt":"2019-05-07T10:17:28","guid":{"rendered":"http:\/\/centralmedia.rs\/?p=17505"},"modified":"2019-05-09T14:34:05","modified_gmt":"2019-05-09T14:34:05","slug":"manasija-fotografija-meseca","status":"publish","type":"post","link":"https:\/\/centralmedia.rs\/index.php\/2019\/05\/07\/manasija-fotografija-meseca\/","title":{"rendered":"MANASIJA FOTOGRAFIJA MESECA"},"content":{"rendered":"<p>DESPOTOVAC- Na nalogu na dru\u0161tvenim mre\u017eama Trusit\u010dke organizacije Srbije objavljena je fotografija manastira Manisija kod Despotovaca kao fotografija meseca apila. Pro\u0161le godine obele\u017eno je 600 godina od zavr\u0161etka manastira. U toku su obimni restauratorski radovi.<\/p>\n<p><img loading=\"lazy\" decoding=\"async\" class=\"alignnone wp-image-17506 size-full\" src=\"http:\/\/centralmedia.rs\/wp-content\/uploads\/2019\/05\/manasija.jpg\" alt=\"\" width=\"960\" height=\"960\" srcset=\"https:\/\/centralmedia.rs\/wp-content\/uploads\/2019\/05\/manasija.jpg 960w, https:\/\/centralmedia.rs\/wp-content\/uploads\/2019\/05\/manasija-150x150.jpg 150w, https:\/\/centralmedia.rs\/wp-content\/uploads\/2019\/05\/manasija-300x300.jpg 300w, https:\/\/centralmedia.rs\/wp-content\/uploads\/2019\/05\/manasija-768x768.jpg 768w, https:\/\/centralmedia.rs\/wp-content\/uploads\/2019\/05\/manasija-420x420.jpg 420w, https:\/\/centralmedia.rs\/wp-content\/uploads\/2019\/05\/manasija-640x640.jpg 640w, https:\/\/centralmedia.rs\/wp-content\/uploads\/2019\/05\/manasija-681x681.jpg 681w\" sizes=\"(max-width: 960px) 100vw, 960px\" \/><\/p>\n","protected":false},"excerpt":{"rendered":"<p>DESPOTOVAC- Na nalogu na dru\u0161tvenim mre\u017eama Trusit\u010dke organizacije Srbije objavljena je fotografija manastira Manisija kod Despotovaca kao fotografija meseca apila. Pro\u0161le godine obele\u017eno je 600 &hellip; <\/p>\n","protected":false},"author":2,"featured_media":17506,"comment_status":"open","ping_status":"open","sticky":false,"template":"","format":"standard","meta":{"footnotes":""},"categories":[1518,14,1524,2,887,12],"tags":[51,54],"_links":{"self":[{"href":"https:\/\/centralmedia.rs\/index.php\/wp-json\/wp\/v2\/posts\/17505"}],"collection":[{"href":"https:\/\/centralmedia.rs\/index.php\/wp-json\/wp\/v2\/posts"}],"about":[{"href":"https:\/\/centralmedia.rs\/index.php\/wp-json\/wp\/v2\/types\/post"}],"author":[{"embeddable":true,"href":"https:\/\/centralmedia.rs\/index.php\/wp-json\/wp\/v2\/users\/2"}],"replies":[{"embeddable":true,"href":"https:\/\/centralmedia.rs\/index.php\/wp-json\/wp\/v2\/comments?post=17505"}],"version-history":[{"count":2,"href":"https:\/\/centralmedia.rs\/index.php\/wp-json\/wp\/v2\/posts\/17505\/revisions"}],"predecessor-version":[{"id":17508,"href":"https:\/\/centralmedia.rs\/index.php\/wp-json\/wp\/v2\/posts\/17505\/revisions\/17508"}],"wp:featuredmedia":[{"embeddable":true,"href":"https:\/\/centralmedia.rs\/index.php\/wp-json\/wp\/v2\/media\/17506"}],"wp:attachment":[{"href":"https:\/\/centralmedia.rs\/index.php\/wp-json\/wp\/v2\/media?parent=17505"}],"wp:term":[{"taxonomy":"category","embeddable":true,"href":"https:\/\/centralmedia.rs\/index.php\/wp-json\/wp\/v2\/categories?post=17505"},{"taxonomy":"post_tag","embeddable":true,"href":"https:\/\/centralmedia.rs\/index.php\/wp-json\/wp\/v2\/tags?post=17505"}],"curies":[{"name":"wp","href":"https:\/\/api.w.org\/{rel}","templated":true}]}}