{"id":17512,"date":"2019-05-07T11:24:14","date_gmt":"2019-05-07T11:24:14","guid":{"rendered":"http:\/\/centralmedia.rs\/?p=17512"},"modified":"2019-05-09T14:34:25","modified_gmt":"2019-05-09T14:34:25","slug":"paracinski-politicki-cirkus-rajic-sns-je-danas-lokalna-firma-tajkuna-i-interesnih-grupacija","status":"publish","type":"post","link":"https:\/\/centralmedia.rs\/index.php\/2019\/05\/07\/paracinski-politicki-cirkus-rajic-sns-je-danas-lokalna-firma-tajkuna-i-interesnih-grupacija\/","title":{"rendered":"Para\u0107inski politi\u010dki cirkus  &#8211; Raji\u0107: SNS je danas lokalna firma tajkuna i interesnih grupacija"},"content":{"rendered":"<p>PARA\u0106IN- Biv\u0161i prvi \u010dovek para\u0107inskih naprednjaka, sada \u0161ef OG Samostalni naprednjaci u SO Para\u0107in, Jovica Raji\u0107 izjavio je da se nije zalagao tokom vi\u0161egodi\u0161nje politi\u010dke borbe da ,,SNS danas bude lokalna firma tajkuna i interesnih grupacija koja bez prestanka pravi cirkus&#8221;, kao i da ,,autogolove koje oni sebi daju ne bi smislio ni najve\u0107i neprijatelj SNS&#8221;. Komentari\u0161u\u0107i protest nekoliko desetina aktivista povereni\u0161tva SNS ispred zgrade op\u0161tine, on je istakao da ,,nije iznesen ni jedan zahtev&#8221;.<\/p>\n<p>&#8211; U prvom redu nema ni jednog \u010dlana koji je du\u017ee od dve, tri godine u stranci. To su udarni juri\u0161nici, karijeristi\u2026zar se na pitanje \u201e\u0161ta su va\u0161i zahtevi\u201c odgovara \u201eAco, Srbine\u201c. Zar je najja\u010da stranka u Srbiji do\u0161la da peva \u201eIza\u0111i, mala\u201c ispred zgrade op\u0161tine? Tu\u017ena je ta slika posebno za nas koji smo u stvaranje SNS \u2013 a ulo\u017eili godine rada i truda. Mislim da se Para\u0107inci i smeju i \u010dude svemu \u0161to se de\u0161ava. Sada se ve\u0107 svi sprdaju sa de\u0161avanjima u Para\u0107inu, a verujem i da nam se drugi smeju. Ono \u0161to interesna grupacija koja danas vodi SNS nije shvatila a \u0161to je najva\u017enije je to da se na skup\u0161tini predla\u017ee i u\u010destvuje u onome \u0161to nazivamo \u2013 dobrobit ljudi i grada uop\u0161te. Naprednjaci u skup\u0161tini \u0107ute kao slepci, oni niti glasaju ZA niti glasaju PROTIV, oni se pona\u0161aju kao da su tada u toaletu. Nema ih, samo su fizi\u010dki prisutni. Pa gde je diskusija o bud\u017eetu, o tome kako \u0107e se tro\u0161iti, \u0161ta je dobro za grad, za Para\u0107ince, za sve nas? Njih to ne zanima. Neko je po\u017eeleo da ima vlast i sada ho\u0107e to da kupi, a to ne mo\u017ee tako. Narod glasa za one koji rade, predla\u017eu, bore se, u\u010destvuju\u2026godinama se na skup\u0161tini pojavi jedan eventualno dvojica odbornika SNS i samo od\u0107ute sednicu. Pa zar se tako dobija vlast i poverenje naroda? Ne, nagla\u0161ava Raji\u0107.<\/p>\n<p>On je izrazio sumnju da centrala SNS u Beogradu zna \u0161ta se ta\u010dno u Para\u0107inu de\u0161ava i dodaje da se naprednjaci danas brukaju prvenstveno ,,jer im prvi red \u010dini \u201ekancer&#8221; G17 plus\u201c koji ne zna ni kako se demokratskim na\u010delima vodi politika.<\/p>\n<p>&#8211; Protesti jesu legitiman na\u010din borbe, ali ne na na\u010din na kakav se oni vode u Para\u0107inu protiv op\u0161tinske vlasti. Opravdano sumnjam da Aleksandar Vu\u010di\u0107 zna \u0161ta para\u0107inski naprednjaci rade. Njemu to predstavlja neko sli\u010dan njima u centrali, ali su\u0161tina je potpuno proma\u0161ena. Oni ne znaju prvo, ni\u0161ta o stranci i njenoj organizaciji a onda ni\u0161ta o demokratskoj borbi za vlast. Ja se nisam zalagao tokom vi\u0161egodi\u0161nje politi\u010dke borbe da SNS danas bude lokalna firma tajkuna i interesnih grupacija koja bez prestanka pravi cirkus. Autogolove koje oni sebi daju ne bi smislio ni najve\u0107i neprijatelj SNS, navodi \u00a0Raji\u0107 i ka\u017ee da u stranci nema jedinstva, kao i da su ogromne podele me\u0111u \u010dlanovima.<\/p>\n<p><img loading=\"lazy\" decoding=\"async\" class=\"alignnone wp-image-17514 size-large\" src=\"http:\/\/centralmedia.rs\/wp-content\/uploads\/2019\/05\/sns-rajic1-1024x604.jpg\" alt=\"\" width=\"640\" height=\"378\" srcset=\"https:\/\/centralmedia.rs\/wp-content\/uploads\/2019\/05\/sns-rajic1-1024x604.jpg 1024w, https:\/\/centralmedia.rs\/wp-content\/uploads\/2019\/05\/sns-rajic1-300x177.jpg 300w, https:\/\/centralmedia.rs\/wp-content\/uploads\/2019\/05\/sns-rajic1-768x453.jpg 768w, https:\/\/centralmedia.rs\/wp-content\/uploads\/2019\/05\/sns-rajic1-712x420.jpg 712w, https:\/\/centralmedia.rs\/wp-content\/uploads\/2019\/05\/sns-rajic1-640x377.jpg 640w, https:\/\/centralmedia.rs\/wp-content\/uploads\/2019\/05\/sns-rajic1-681x401.jpg 681w, https:\/\/centralmedia.rs\/wp-content\/uploads\/2019\/05\/sns-rajic1.jpg 1050w\" sizes=\"(max-width: 640px) 100vw, 640px\" \/><\/p>\n<p>&#8211; Zamislite, Martinovi\u0107 je pozvao sve da brane skup\u0161tinu od opozicije za koju se verovalo da \u0107e u\u0107i u parlament, a onda po uzoru na to ali potpuno neobja\u0161njivo, naprednjaci ulaze u para\u0107insku skup\u0161tinu da brane koga? Paunovi\u0107a od Paunovi\u0107a? Oni \u010dak ne razumeju ni to da su oni \u2013 opozicija. S obzirom na dugogodi\u0161nje politi\u010dko iskustvo i stvaranje najja\u010de partije u Srbiji, ali i kao \u010dovek mogu da ka\u017eem da me je sramota. Ljudi koji vode SNS u Para\u0107inu danas, nisu uspeli da shvate ni jednu tako jednostavnu stvar \u2013 svaki protest se prijavljuje. Nije to izmi\u0161ljeno tek onako. Me\u0111u onima koji protestuju ima bolesnih, mo\u017eda neko do\u0111e u alkoholisanom stanju pa napravi incident, to se nikad ne zna, zato je va\u017eno da svaki protest bude prijavljen policiji. Da li je mogu\u0107e da to niko me\u0111u njima ne zna?, pita se Raji\u0107 i dodaje da su<\/p>\n<p>para\u0107inski naprednjaci \u201enestrpljivi da do\u0111u na vlast mimo svakog reda\u201c ali da \u0107e se videti sve na izborima.<\/p>\n<p>Danas je odr\u017ean drugi protest nekoliko desetina aktivista SNS ispred zgrade op\u0161tine Para\u0107in, sem parola u kojima se u negativnom i pe\u017eorativnom kontekstu pominju \u201ePaunovi\u0107, Obradovi\u0107, \u0110ilas i ostali\u201c, nije bilo konkretnih predloga ili zahteva, ako se ne ra\u010duna dvogodi\u0161nji zahtev za raspisivanje izbora, koji nije potkrepljen sa situacijom u skup\u0161tini, gde aktuelna koalicija na vlasti ima dvotre\u0107inski ve\u0107inu odbornika za izglasavanje predloga.<\/p>\n","protected":false},"excerpt":{"rendered":"<p>PARA\u0106IN- Biv\u0161i prvi \u010dovek para\u0107inskih naprednjaka, sada \u0161ef OG Samostalni naprednjaci u SO Para\u0107in, Jovica Raji\u0107 izjavio je da se nije zalagao tokom vi\u0161egodi\u0161nje politi\u010dke &hellip; <\/p>\n","protected":false},"author":2,"featured_media":17513,"comment_status":"open","ping_status":"open","sticky":false,"template":"","format":"standard","meta":{"footnotes":""},"categories":[1524,2,1516,13,887,12],"tags":[46,156,523,136],"_links":{"self":[{"href":"https:\/\/centralmedia.rs\/index.php\/wp-json\/wp\/v2\/posts\/17512"}],"collection":[{"href":"https:\/\/centralmedia.rs\/index.php\/wp-json\/wp\/v2\/posts"}],"about":[{"href":"https:\/\/centralmedia.rs\/index.php\/wp-json\/wp\/v2\/types\/post"}],"author":[{"embeddable":true,"href":"https:\/\/centralmedia.rs\/index.php\/wp-json\/wp\/v2\/users\/2"}],"replies":[{"embeddable":true,"href":"https:\/\/centralmedia.rs\/index.php\/wp-json\/wp\/v2\/comments?post=17512"}],"version-history":[{"count":1,"href":"https:\/\/centralmedia.rs\/index.php\/wp-json\/wp\/v2\/posts\/17512\/revisions"}],"predecessor-version":[{"id":17515,"href":"https:\/\/centralmedia.rs\/index.php\/wp-json\/wp\/v2\/posts\/17512\/revisions\/17515"}],"wp:featuredmedia":[{"embeddable":true,"href":"https:\/\/centralmedia.rs\/index.php\/wp-json\/wp\/v2\/media\/17513"}],"wp:attachment":[{"href":"https:\/\/centralmedia.rs\/index.php\/wp-json\/wp\/v2\/media?parent=17512"}],"wp:term":[{"taxonomy":"category","embeddable":true,"href":"https:\/\/centralmedia.rs\/index.php\/wp-json\/wp\/v2\/categories?post=17512"},{"taxonomy":"post_tag","embeddable":true,"href":"https:\/\/centralmedia.rs\/index.php\/wp-json\/wp\/v2\/tags?post=17512"}],"curies":[{"name":"wp","href":"https:\/\/api.w.org\/{rel}","templated":true}]}}