{"id":17516,"date":"2019-05-07T11:53:35","date_gmt":"2019-05-07T11:53:35","guid":{"rendered":"http:\/\/centralmedia.rs\/?p=17516"},"modified":"2019-05-09T14:34:38","modified_gmt":"2019-05-09T14:34:38","slug":"otpusteni-radnici-srpske-fabrike-stakla-nastavljaju-strajk-gladu-ispred-prostorija-sns","status":"publish","type":"post","link":"https:\/\/centralmedia.rs\/index.php\/2019\/05\/07\/otpusteni-radnici-srpske-fabrike-stakla-nastavljaju-strajk-gladu-ispred-prostorija-sns\/","title":{"rendered":"OTPU\u0160TENI RADNICI SRPSKE FABRIKE STAKLA NASTAVLJAJU \u0160TRAJK GLA\u0110U ISPRED PROSTORIJA SNS"},"content":{"rendered":"<p>PARA\u0106IN- Otpu\u0161teni Srpske fabrike stakla iz Para\u0107ina najavili su danas da \u0107e odmrznuti \u0161trajk gla\u0111u i nastaviti ga ispred strana\u010dkih prostorija SNS u tom gradu. Biv\u0161i radnici SFS zapo\u010deli su \u0161trajk gla\u0111u polovinom aprila, ali su posle molbe predsednika op\u0161tine Sa\u0161e Paunovi\u0107a zamrzli \u0161trajk, a op\u0161tina je uputila zahtev Vladi Srbije da pomogne gra\u0111anima koji ve\u0107 20 meseci ne primaju plate, a otpu\u0161teni su zbog ,,la\u017enog&#8221; ste\u010daja. U obave\u0161tenju, posle ju\u010dera\u0161njeg sastanka, \u00a0,,Otpusteni preko fejsa&#8221;, kako su se neformalno nazvali, \u00a0naglasili su da \u0161trajk gla\u0111u nije prekinut, ve\u0107 samo zamrznut.<br \/>\n-Smatraju\u0107i da je SNS odgovorna za nepravedno otpu\u0161tanje 300 radnika na ulicu bez dinara, ,,Otpu\u0161teni preko fejsa&#8221; su odlu\u010dili da svoj \u0161trajk gla\u0111u nastave u jednom od narednih dana ispred strana\u010dkih prostorija SNS, navode u obave\u0161tenju otpu\u0161teni radnici.<br \/>\nOni isti\u010du da su se pismeno obra\u0107ali i molili para\u0107inski SNS za pomo\u0107 i da ,,pozovu nekog iz centrale da nas poseti,nisu hteli ni odgovorom da nas udostoje, ,,Otpusteni preko fejsa&#8221; se pitaju ZA\u0160TO???&#8221;<br \/>\n-Za\u0161to nas uporno ignorisu i ako je SNS glavna i odgovorna za dovo\u0111enje Milorada Pu\u0161ice, koji je ujedno bio i Predsednik Nadzornog Odbora. Pamtimo obe\u0107anja pomenutog u kome on obe\u0107ava ,,zlatno doba za sfs.&#8221; Pamtimo, postoji video zapis, i obe\u0107anje predsednika svih gra\u0111ana Srbije da ni jedan radnik Staklare ne\u0107e ostati bez posla. I pored mnogo mejlova, otvorenih pisama Vladi, predsedniku, premijerki i raznim institucijama, jo\u0161 uvek su problemi SFS i otpu\u0161tenih radnika pod velom tajne, isti\u010du u obave\u0161tenju otpu\u0161teni radnici.<br \/>\nKako navode, upravo zbog toga \u017eele da najave nastavak \u0161trajka gla\u0111u ispred prostorija SNS, jer smatraju da su dosta dugo \u010dekali da im se neko obrati.<\/p>\n<p>&#8211; Pitamo kako \u0107e pomo\u0107i obi\u010dnom gra\u0111aninu ako za njih 300 porodica ni\u0161ta ne zna\u010de. Mi \u0107emo, kao i uvek, svoje aktivnosti uredno prijaviti, jer znamo da kao gra\u0111ani Srbije treba\u00a0 po\u0161tovati zakon<br \/>\nIli to mozda va\u017ei samo za malog \u010doveka i po\u0161tenog radnika, pitaju se oni i dodaju da \u0107e pozvati, kao i uvek, gra\u0111ane, prijatelje i sve stranke u Para\u0107inu da ih podr\u017ee.<\/p>\n","protected":false},"excerpt":{"rendered":"<p>PARA\u0106IN- Otpu\u0161teni Srpske fabrike stakla iz Para\u0107ina najavili su danas da \u0107e odmrznuti \u0161trajk gla\u0111u i nastaviti ga ispred strana\u010dkih prostorija SNS u tom gradu. &hellip; <\/p>\n","protected":false},"author":2,"featured_media":17256,"comment_status":"open","ping_status":"open","sticky":false,"template":"","format":"standard","meta":{"footnotes":""},"categories":[14,1524,2,1516,887,12],"tags":[3631,3325,158,3685],"_links":{"self":[{"href":"https:\/\/centralmedia.rs\/index.php\/wp-json\/wp\/v2\/posts\/17516"}],"collection":[{"href":"https:\/\/centralmedia.rs\/index.php\/wp-json\/wp\/v2\/posts"}],"about":[{"href":"https:\/\/centralmedia.rs\/index.php\/wp-json\/wp\/v2\/types\/post"}],"author":[{"embeddable":true,"href":"https:\/\/centralmedia.rs\/index.php\/wp-json\/wp\/v2\/users\/2"}],"replies":[{"embeddable":true,"href":"https:\/\/centralmedia.rs\/index.php\/wp-json\/wp\/v2\/comments?post=17516"}],"version-history":[{"count":1,"href":"https:\/\/centralmedia.rs\/index.php\/wp-json\/wp\/v2\/posts\/17516\/revisions"}],"predecessor-version":[{"id":17517,"href":"https:\/\/centralmedia.rs\/index.php\/wp-json\/wp\/v2\/posts\/17516\/revisions\/17517"}],"wp:featuredmedia":[{"embeddable":true,"href":"https:\/\/centralmedia.rs\/index.php\/wp-json\/wp\/v2\/media\/17256"}],"wp:attachment":[{"href":"https:\/\/centralmedia.rs\/index.php\/wp-json\/wp\/v2\/media?parent=17516"}],"wp:term":[{"taxonomy":"category","embeddable":true,"href":"https:\/\/centralmedia.rs\/index.php\/wp-json\/wp\/v2\/categories?post=17516"},{"taxonomy":"post_tag","embeddable":true,"href":"https:\/\/centralmedia.rs\/index.php\/wp-json\/wp\/v2\/tags?post=17516"}],"curies":[{"name":"wp","href":"https:\/\/api.w.org\/{rel}","templated":true}]}}