{"id":17538,"date":"2019-05-08T01:55:19","date_gmt":"2019-05-08T01:55:19","guid":{"rendered":"http:\/\/centralmedia.rs\/?p=17538"},"modified":"2019-05-09T14:35:16","modified_gmt":"2019-05-09T14:35:16","slug":"aleksa-se-plasirao-na-evropski-omladinski-olimpijski-festival","status":"publish","type":"post","link":"https:\/\/centralmedia.rs\/index.php\/2019\/05\/08\/aleksa-se-plasirao-na-evropski-omladinski-olimpijski-festival\/","title":{"rendered":"ALEKSA SE PLASIRAO NA  EVROPSKI OMLADINSKI OLIMPIJSKI FESTIVAL"},"content":{"rendered":"<p>\u0106UPRIJA- Atleti\u010dar \u0107uprijske OAK Morava Aleksa Milanovi\u0107 drugi put zaredom brani\u0107e boje Srbije na \u00a0Evropskom omladinskom olimpijskom festivalu EYOF 2019. Milanovi\u0107 je na atletskom mitingu u Zagrebu istr\u010dao trku na 3.000 metara za 8:41:27 i time ispunio normu za predstoje\u0107i EYOF. Najve\u0107i sportski festival mladih bi\u0107e odr\u017ean od 21. do 28. jula u Bakuu, glavnom gradu Azerbejd\u017eana.<\/p>\n","protected":false},"excerpt":{"rendered":"<p>\u0106UPRIJA- Atleti\u010dar \u0107uprijske OAK Morava Aleksa Milanovi\u0107 drugi put zaredom brani\u0107e boje Srbije na \u00a0Evropskom omladinskom olimpijskom festivalu EYOF 2019. Milanovi\u0107 je na atletskom mitingu &hellip; <\/p>\n","protected":false},"author":2,"featured_media":17539,"comment_status":"open","ping_status":"open","sticky":false,"template":"","format":"standard","meta":{"footnotes":""},"categories":[1515,1524,2,887,21,12],"tags":[2958,44],"_links":{"self":[{"href":"https:\/\/centralmedia.rs\/index.php\/wp-json\/wp\/v2\/posts\/17538"}],"collection":[{"href":"https:\/\/centralmedia.rs\/index.php\/wp-json\/wp\/v2\/posts"}],"about":[{"href":"https:\/\/centralmedia.rs\/index.php\/wp-json\/wp\/v2\/types\/post"}],"author":[{"embeddable":true,"href":"https:\/\/centralmedia.rs\/index.php\/wp-json\/wp\/v2\/users\/2"}],"replies":[{"embeddable":true,"href":"https:\/\/centralmedia.rs\/index.php\/wp-json\/wp\/v2\/comments?post=17538"}],"version-history":[{"count":1,"href":"https:\/\/centralmedia.rs\/index.php\/wp-json\/wp\/v2\/posts\/17538\/revisions"}],"predecessor-version":[{"id":17540,"href":"https:\/\/centralmedia.rs\/index.php\/wp-json\/wp\/v2\/posts\/17538\/revisions\/17540"}],"wp:featuredmedia":[{"embeddable":true,"href":"https:\/\/centralmedia.rs\/index.php\/wp-json\/wp\/v2\/media\/17539"}],"wp:attachment":[{"href":"https:\/\/centralmedia.rs\/index.php\/wp-json\/wp\/v2\/media?parent=17538"}],"wp:term":[{"taxonomy":"category","embeddable":true,"href":"https:\/\/centralmedia.rs\/index.php\/wp-json\/wp\/v2\/categories?post=17538"},{"taxonomy":"post_tag","embeddable":true,"href":"https:\/\/centralmedia.rs\/index.php\/wp-json\/wp\/v2\/tags?post=17538"}],"curies":[{"name":"wp","href":"https:\/\/api.w.org\/{rel}","templated":true}]}}