{"id":17549,"date":"2019-05-08T18:48:46","date_gmt":"2019-05-08T18:48:46","guid":{"rendered":"http:\/\/centralmedia.rs\/?p=17549"},"modified":"2019-05-10T18:28:37","modified_gmt":"2019-05-10T18:28:37","slug":"posle-pet-godina-izlozba-u-ime-naroda-bice-otvorena-u-paracinu","status":"publish","type":"post","link":"https:\/\/centralmedia.rs\/index.php\/2019\/05\/08\/posle-pet-godina-izlozba-u-ime-naroda-bice-otvorena-u-paracinu\/","title":{"rendered":"POSLE PET GODINA IZLO\u017dBA ,,U IME NARODA&#8221; BI\u0106E OTVORENA U PARA\u0106INU"},"content":{"rendered":"<p>PARA\u0106IN- Izlo\u017eba \u00a0,,U ime naroda&#8221; autora Sr\u0111ana Cvetkovi\u0107a je prva multimedijana izlo\u017eba u Srbiji o dugogodi\u0161njim tabu temama: likvidaciji, su\u0111enjima narodnim neprijateljima, Golom otoku i drugim logorima, prinudnom otkupu i kolektivizaciji. Posle pet godina izlo\u017eba \u0107e biti otvorena u Zavi\u010dajnom muzeju u Para\u0107inu u ponedeljak 13. maja u 18 \u010dasova, predvi\u0111en je niz doga\u0111aja, projekcija filmova, predstvaljanja knjiga, razgovori sa istori\u010darima do 25. maja. Izlo\u017eba je premijeru imala 2014. godine u Beogradu, kada su ultralevi\u010dari poku\u0161ali da je prekinu, od tada traju podele i reakcije u javnosti. Izlo\u017eba nije gostovala u drugim gradovima.<\/p>\n<div id='gallery-1' class='gallery galleryid-17549 gallery-columns-2 gallery-size-full'><figure class='gallery-item'>\n\t\t\t<div class='gallery-icon portrait'>\n\t\t\t\t<a href='https:\/\/centralmedia.rs\/index.php\/2019\/05\/08\/posle-pet-godina-izlozba-u-ime-naroda-bice-otvorena-u-paracinu\/u-ime-naroda-1\/'><img loading=\"lazy\" decoding=\"async\" width=\"679\" height=\"960\" src=\"https:\/\/centralmedia.rs\/wp-content\/uploads\/2019\/05\/U-IME-NARODA-1.jpg\" class=\"attachment-full size-full\" alt=\"\" srcset=\"https:\/\/centralmedia.rs\/wp-content\/uploads\/2019\/05\/U-IME-NARODA-1.jpg 679w, https:\/\/centralmedia.rs\/wp-content\/uploads\/2019\/05\/U-IME-NARODA-1-212x300.jpg 212w, https:\/\/centralmedia.rs\/wp-content\/uploads\/2019\/05\/U-IME-NARODA-1-297x420.jpg 297w, https:\/\/centralmedia.rs\/wp-content\/uploads\/2019\/05\/U-IME-NARODA-1-640x905.jpg 640w\" sizes=\"(max-width: 679px) 100vw, 679px\" \/><\/a>\n\t\t\t<\/div><\/figure><figure class='gallery-item'>\n\t\t\t<div class='gallery-icon portrait'>\n\t\t\t\t<a href='https:\/\/centralmedia.rs\/index.php\/2019\/05\/08\/posle-pet-godina-izlozba-u-ime-naroda-bice-otvorena-u-paracinu\/u-ime-naroda\/'><img loading=\"lazy\" decoding=\"async\" width=\"679\" height=\"960\" src=\"https:\/\/centralmedia.rs\/wp-content\/uploads\/2019\/05\/u-ime-naroda.jpg\" class=\"attachment-full size-full\" alt=\"\" srcset=\"https:\/\/centralmedia.rs\/wp-content\/uploads\/2019\/05\/u-ime-naroda.jpg 679w, https:\/\/centralmedia.rs\/wp-content\/uploads\/2019\/05\/u-ime-naroda-212x300.jpg 212w, https:\/\/centralmedia.rs\/wp-content\/uploads\/2019\/05\/u-ime-naroda-297x420.jpg 297w, https:\/\/centralmedia.rs\/wp-content\/uploads\/2019\/05\/u-ime-naroda-640x905.jpg 640w\" sizes=\"(max-width: 679px) 100vw, 679px\" \/><\/a>\n\t\t\t<\/div><\/figure>\n\t\t<\/div>\n\n","protected":false},"excerpt":{"rendered":"<p>PARA\u0106IN- Izlo\u017eba \u00a0,,U ime naroda&#8221; autora Sr\u0111ana Cvetkovi\u0107a je prva multimedijana izlo\u017eba u Srbiji o dugogodi\u0161njim tabu temama: likvidaciji, su\u0111enjima narodnim neprijateljima, Golom otoku i &hellip; <\/p>\n","protected":false},"author":2,"featured_media":17550,"comment_status":"open","ping_status":"open","sticky":false,"template":"","format":"standard","meta":{"footnotes":""},"categories":[1524,2,15,1516,887,12],"tags":[156,3693,1929],"_links":{"self":[{"href":"https:\/\/centralmedia.rs\/index.php\/wp-json\/wp\/v2\/posts\/17549"}],"collection":[{"href":"https:\/\/centralmedia.rs\/index.php\/wp-json\/wp\/v2\/posts"}],"about":[{"href":"https:\/\/centralmedia.rs\/index.php\/wp-json\/wp\/v2\/types\/post"}],"author":[{"embeddable":true,"href":"https:\/\/centralmedia.rs\/index.php\/wp-json\/wp\/v2\/users\/2"}],"replies":[{"embeddable":true,"href":"https:\/\/centralmedia.rs\/index.php\/wp-json\/wp\/v2\/comments?post=17549"}],"version-history":[{"count":1,"href":"https:\/\/centralmedia.rs\/index.php\/wp-json\/wp\/v2\/posts\/17549\/revisions"}],"predecessor-version":[{"id":17553,"href":"https:\/\/centralmedia.rs\/index.php\/wp-json\/wp\/v2\/posts\/17549\/revisions\/17553"}],"wp:featuredmedia":[{"embeddable":true,"href":"https:\/\/centralmedia.rs\/index.php\/wp-json\/wp\/v2\/media\/17550"}],"wp:attachment":[{"href":"https:\/\/centralmedia.rs\/index.php\/wp-json\/wp\/v2\/media?parent=17549"}],"wp:term":[{"taxonomy":"category","embeddable":true,"href":"https:\/\/centralmedia.rs\/index.php\/wp-json\/wp\/v2\/categories?post=17549"},{"taxonomy":"post_tag","embeddable":true,"href":"https:\/\/centralmedia.rs\/index.php\/wp-json\/wp\/v2\/tags?post=17549"}],"curies":[{"name":"wp","href":"https:\/\/api.w.org\/{rel}","templated":true}]}}