{"id":17566,"date":"2019-05-09T15:22:18","date_gmt":"2019-05-09T15:22:18","guid":{"rendered":"http:\/\/centralmedia.rs\/?p=17566"},"modified":"2019-05-10T18:28:55","modified_gmt":"2019-05-10T18:28:55","slug":"poverenica-sns-nije-primila-otustene-radnike-staklare-iz-paracina","status":"publish","type":"post","link":"https:\/\/centralmedia.rs\/index.php\/2019\/05\/09\/poverenica-sns-nije-primila-otustene-radnike-staklare-iz-paracina\/","title":{"rendered":"POVERENICA SNS NIJE PRIMILA NA RAZGOVOR OTPU\u0160TENE RADNIKE PARA\u0106INSKE STAKLARE (FOTO DOPIS)"},"content":{"rendered":"<p>PARA\u0106IN- Posle najave da \u0107e radikalizovati protest i ponovo stupiti u \u0161tajk gla\u0111u, otpu\u0161teni radnici Srpske fabrike stakla iz Para\u0107ina danas su u ime 300 porodica uputili dopis povereni\u0161tvu SNS u Para\u0107inu da ih neko od funkcionera primi na razgovor.<\/p>\n<p>-Ni posle 10 minuta za koliko nam je obe\u0107ano da \u0107e nas saslu\u0161ati poverenica Vesna Petrovi\u0107, niko nam se nije obratio. \u010cekali smo 45 minuta. Poverenica Vesna Petrovi\u0107 koja je bila tu kada smo do\u0161li, verovatno je iza\u0161la na neki sporedni izlaz. Oti\u0161li smo, jer je o\u010digledno da ne\u0107e da nas saslu\u0161aju, kazala je Vesna Kosti\u0107, jedna od otpu\u0161tenih radnica.<\/p>\n<p>Otpu\u0161teni radnici najavili su da \u0107e ponovo aktivirati \u0161tajk gla\u0111u, ali ovog puta ispred prostorija lokalnog SNS. Oni smatraju da su za njihov problem odgovorni funkcioneri SNS koji su bili postavljeni u SFS, pa radnici koji nezakonito dobili otkaze, jer ste\u010daj nije postojao, sa pravom pitaju povereni\u0161tvo SNS \u0161ta \u0107e preduzeti da taj problem bude re\u0161en.<\/p>\n<p><img loading=\"lazy\" decoding=\"async\" class=\"alignnone wp-image-17570 size-full\" src=\"http:\/\/centralmedia.rs\/wp-content\/uploads\/2019\/05\/zahtev-sns.jpg\" alt=\"\" width=\"714\" height=\"960\" srcset=\"https:\/\/centralmedia.rs\/wp-content\/uploads\/2019\/05\/zahtev-sns.jpg 714w, https:\/\/centralmedia.rs\/wp-content\/uploads\/2019\/05\/zahtev-sns-223x300.jpg 223w, https:\/\/centralmedia.rs\/wp-content\/uploads\/2019\/05\/zahtev-sns-312x420.jpg 312w, https:\/\/centralmedia.rs\/wp-content\/uploads\/2019\/05\/zahtev-sns-640x861.jpg 640w, https:\/\/centralmedia.rs\/wp-content\/uploads\/2019\/05\/zahtev-sns-681x916.jpg 681w\" sizes=\"(max-width: 714px) 100vw, 714px\" \/><\/p>\n","protected":false},"excerpt":{"rendered":"<p>PARA\u0106IN- Posle najave da \u0107e radikalizovati protest i ponovo stupiti u \u0161tajk gla\u0111u, otpu\u0161teni radnici Srpske fabrike stakla iz Para\u0107ina danas su u ime 300 &hellip; <\/p>\n","protected":false},"author":2,"featured_media":17256,"comment_status":"open","ping_status":"open","sticky":false,"template":"","format":"standard","meta":{"footnotes":""},"categories":[22,1524,2,1516,887,12],"tags":[3325,3694,158],"_links":{"self":[{"href":"https:\/\/centralmedia.rs\/index.php\/wp-json\/wp\/v2\/posts\/17566"}],"collection":[{"href":"https:\/\/centralmedia.rs\/index.php\/wp-json\/wp\/v2\/posts"}],"about":[{"href":"https:\/\/centralmedia.rs\/index.php\/wp-json\/wp\/v2\/types\/post"}],"author":[{"embeddable":true,"href":"https:\/\/centralmedia.rs\/index.php\/wp-json\/wp\/v2\/users\/2"}],"replies":[{"embeddable":true,"href":"https:\/\/centralmedia.rs\/index.php\/wp-json\/wp\/v2\/comments?post=17566"}],"version-history":[{"count":6,"href":"https:\/\/centralmedia.rs\/index.php\/wp-json\/wp\/v2\/posts\/17566\/revisions"}],"predecessor-version":[{"id":17573,"href":"https:\/\/centralmedia.rs\/index.php\/wp-json\/wp\/v2\/posts\/17566\/revisions\/17573"}],"wp:featuredmedia":[{"embeddable":true,"href":"https:\/\/centralmedia.rs\/index.php\/wp-json\/wp\/v2\/media\/17256"}],"wp:attachment":[{"href":"https:\/\/centralmedia.rs\/index.php\/wp-json\/wp\/v2\/media?parent=17566"}],"wp:term":[{"taxonomy":"category","embeddable":true,"href":"https:\/\/centralmedia.rs\/index.php\/wp-json\/wp\/v2\/categories?post=17566"},{"taxonomy":"post_tag","embeddable":true,"href":"https:\/\/centralmedia.rs\/index.php\/wp-json\/wp\/v2\/tags?post=17566"}],"curies":[{"name":"wp","href":"https:\/\/api.w.org\/{rel}","templated":true}]}}