{"id":17574,"date":"2019-05-09T19:18:25","date_gmt":"2019-05-09T19:18:25","guid":{"rendered":"http:\/\/centralmedia.rs\/?p=17574"},"modified":"2019-05-13T19:41:29","modified_gmt":"2019-05-13T19:41:29","slug":"brigu-o-mladicu-iz-sekurica-milanu-radojevicu-preuzeli-opstina-i-drzava","status":"publish","type":"post","link":"https:\/\/centralmedia.rs\/index.php\/2019\/05\/09\/brigu-o-mladicu-iz-sekurica-milanu-radojevicu-preuzeli-opstina-i-drzava\/","title":{"rendered":"BRIGU O MLADI\u0106U IZ SEKURI\u010cA MILANU RADOJEVI\u0106U PREUZELI OP\u0160TINA I DR\u017dAVA"},"content":{"rendered":"<p>REKOVAC- Potresna pri\u010dao te\u0161koj sudbini mladi\u0107a Milana Radojevi\u0107a (20) iz Sekuri\u010da kod Rekovca, preko dru\u0161tvenih mre\u017ea, dospela je do dobrih ljudi i op\u0161tine, \u0161to je doprinelo da po\u010dne re\u0161avanje te\u0161kih egzistencijalnih problema.<\/p>\n<div id='gallery-1' class='gallery galleryid-17574 gallery-columns-7 gallery-size-thumbnail'><figure class='gallery-item'>\n\t\t\t<div class='gallery-icon portrait'>\n\t\t\t\t<a href='https:\/\/centralmedia.rs\/index.php\/2019\/05\/09\/brigu-o-mladicu-iz-sekurica-milanu-radojevicu-preuzeli-opstina-i-drzava\/banka-1\/'><img loading=\"lazy\" decoding=\"async\" width=\"150\" height=\"150\" src=\"https:\/\/centralmedia.rs\/wp-content\/uploads\/2019\/05\/banka-1-150x150.jpg\" class=\"attachment-thumbnail size-thumbnail\" alt=\"\" \/><\/a>\n\t\t\t<\/div><\/figure><figure class='gallery-item'>\n\t\t\t<div class='gallery-icon portrait'>\n\t\t\t\t<a href='https:\/\/centralmedia.rs\/index.php\/2019\/05\/09\/brigu-o-mladicu-iz-sekurica-milanu-radojevicu-preuzeli-opstina-i-drzava\/banka\/'><img loading=\"lazy\" decoding=\"async\" width=\"150\" height=\"150\" src=\"https:\/\/centralmedia.rs\/wp-content\/uploads\/2019\/05\/banka-150x150.jpg\" class=\"attachment-thumbnail size-thumbnail\" alt=\"\" \/><\/a>\n\t\t\t<\/div><\/figure><figure class='gallery-item'>\n\t\t\t<div class='gallery-icon portrait'>\n\t\t\t\t<a href='https:\/\/centralmedia.rs\/index.php\/2019\/05\/09\/brigu-o-mladicu-iz-sekurica-milanu-radojevicu-preuzeli-opstina-i-drzava\/banka2\/'><img loading=\"lazy\" decoding=\"async\" width=\"150\" height=\"150\" src=\"https:\/\/centralmedia.rs\/wp-content\/uploads\/2019\/05\/banka2-150x150.jpg\" class=\"attachment-thumbnail size-thumbnail\" alt=\"\" \/><\/a>\n\t\t\t<\/div><\/figure><figure class='gallery-item'>\n\t\t\t<div class='gallery-icon portrait'>\n\t\t\t\t<a href='https:\/\/centralmedia.rs\/index.php\/2019\/05\/09\/brigu-o-mladicu-iz-sekurica-milanu-radojevicu-preuzeli-opstina-i-drzava\/opstina-3\/'><img loading=\"lazy\" decoding=\"async\" width=\"150\" height=\"150\" src=\"https:\/\/centralmedia.rs\/wp-content\/uploads\/2019\/05\/opstina-150x150.jpg\" class=\"attachment-thumbnail size-thumbnail\" alt=\"\" \/><\/a>\n\t\t\t<\/div><\/figure><figure class='gallery-item'>\n\t\t\t<div class='gallery-icon portrait'>\n\t\t\t\t<a href='https:\/\/centralmedia.rs\/index.php\/2019\/05\/09\/brigu-o-mladicu-iz-sekurica-milanu-radojevicu-preuzeli-opstina-i-drzava\/milan-3\/'><img loading=\"lazy\" decoding=\"async\" width=\"150\" height=\"150\" src=\"https:\/\/centralmedia.rs\/wp-content\/uploads\/2019\/05\/milan-3-150x150.jpg\" class=\"attachment-thumbnail size-thumbnail\" alt=\"\" \/><\/a>\n\t\t\t<\/div><\/figure><figure class='gallery-item'>\n\t\t\t<div class='gallery-icon portrait'>\n\t\t\t\t<a href='https:\/\/centralmedia.rs\/index.php\/2019\/05\/09\/brigu-o-mladicu-iz-sekurica-milanu-radojevicu-preuzeli-opstina-i-drzava\/milan\/'><img loading=\"lazy\" decoding=\"async\" width=\"150\" height=\"150\" src=\"https:\/\/centralmedia.rs\/wp-content\/uploads\/2019\/05\/milan-150x150.jpg\" class=\"attachment-thumbnail size-thumbnail\" alt=\"\" \/><\/a>\n\t\t\t<\/div><\/figure><figure class='gallery-item'>\n\t\t\t<div class='gallery-icon portrait'>\n\t\t\t\t<a href='https:\/\/centralmedia.rs\/index.php\/2019\/05\/09\/brigu-o-mladicu-iz-sekurica-milanu-radojevicu-preuzeli-opstina-i-drzava\/milan1\/'><img loading=\"lazy\" decoding=\"async\" width=\"150\" height=\"150\" src=\"https:\/\/centralmedia.rs\/wp-content\/uploads\/2019\/05\/milan1-150x150.jpg\" class=\"attachment-thumbnail size-thumbnail\" alt=\"\" \/><\/a>\n\t\t\t<\/div><\/figure>\n\t\t<\/div>\n\n<p>Roditelji su ga ostavili kod bake, koja je jedina brinula o njemu, a kasnije on o njoj, ali posle njene smrti maldi\u0107 prolazi agoniju. Potpuno je prepu\u0161ten sam sebi u ku\u0107i od blata kojoj se krov ru\u0161i. Aleksandar \u0110or\u0111evi\u0107, predsednik op\u0161tine Rekovac je sa timom iz Centra za socijalni rad obi\u0161ao mladi\u0107a.<\/p>\n<p>-Odneli smo namirnice i higijensku pomo\u0107, dogovorili svakodnevno uzimanje namirnica u prodavnici, a ve\u0107 ovih dana izlazi majstor, jer \u0107emo renovirati njegovu ku\u0107u. Op\u0161tina je pre par meseci platila priklju\u010dak za struju. Ako je ostavljen od oca i majke, op\u0161tina i dr\u017eava brinu o ovakvim slu\u010dajevima \u2013 izjavio je \u0110or\u0111evi\u0107 i dodao da se za mesec dana se otvara pogon u Belu\u0161i\u0107u za dvadesetak radnika, Milanu je obe\u0107an posao, ako u me\u0111uvremenu ne bude dobio posao u vinariji.<\/p>\n<p>Ponude za pomo\u0107 pristi\u017eu sa svih strana. \u017dena iz Po\u017earevca ponudila mu je vizu i posao u Austriji ili da se preseli da \u017eivi u njenoj rodnoj ku\u0107i u Po\u017earevcu. Vladimir Bo\u017ei\u0107 iz Novih Banovaca ho\u0107e da ga obu\u010di za zanat i da uposli kod njega u firmi. Drugi u porukama tra\u017ee broj telefona kako bi finansijski pomogli ovom momku iz Sekuri\u010da.<\/p>\n","protected":false},"excerpt":{"rendered":"<p>REKOVAC- Potresna pri\u010dao te\u0161koj sudbini mladi\u0107a Milana Radojevi\u0107a (20) iz Sekuri\u010da kod Rekovca, preko dru\u0161tvenih mre\u017ea, dospela je do dobrih ljudi i op\u0161tine, \u0161to je &hellip; <\/p>\n","protected":false},"author":2,"featured_media":17575,"comment_status":"open","ping_status":"open","sticky":false,"template":"","format":"standard","meta":{"footnotes":""},"categories":[14,1524,2,887,1519,12],"tags":[3695,172,441,1639],"_links":{"self":[{"href":"https:\/\/centralmedia.rs\/index.php\/wp-json\/wp\/v2\/posts\/17574"}],"collection":[{"href":"https:\/\/centralmedia.rs\/index.php\/wp-json\/wp\/v2\/posts"}],"about":[{"href":"https:\/\/centralmedia.rs\/index.php\/wp-json\/wp\/v2\/types\/post"}],"author":[{"embeddable":true,"href":"https:\/\/centralmedia.rs\/index.php\/wp-json\/wp\/v2\/users\/2"}],"replies":[{"embeddable":true,"href":"https:\/\/centralmedia.rs\/index.php\/wp-json\/wp\/v2\/comments?post=17574"}],"version-history":[{"count":2,"href":"https:\/\/centralmedia.rs\/index.php\/wp-json\/wp\/v2\/posts\/17574\/revisions"}],"predecessor-version":[{"id":17584,"href":"https:\/\/centralmedia.rs\/index.php\/wp-json\/wp\/v2\/posts\/17574\/revisions\/17584"}],"wp:featuredmedia":[{"embeddable":true,"href":"https:\/\/centralmedia.rs\/index.php\/wp-json\/wp\/v2\/media\/17575"}],"wp:attachment":[{"href":"https:\/\/centralmedia.rs\/index.php\/wp-json\/wp\/v2\/media?parent=17574"}],"wp:term":[{"taxonomy":"category","embeddable":true,"href":"https:\/\/centralmedia.rs\/index.php\/wp-json\/wp\/v2\/categories?post=17574"},{"taxonomy":"post_tag","embeddable":true,"href":"https:\/\/centralmedia.rs\/index.php\/wp-json\/wp\/v2\/tags?post=17574"}],"curies":[{"name":"wp","href":"https:\/\/api.w.org\/{rel}","templated":true}]}}