{"id":17587,"date":"2019-05-10T16:59:22","date_gmt":"2019-05-10T16:59:22","guid":{"rendered":"http:\/\/centralmedia.rs\/?p=17587"},"modified":"2019-05-13T19:38:12","modified_gmt":"2019-05-13T19:38:12","slug":"svilajnacki-penzioneri-na-zlatiboru","status":"publish","type":"post","link":"https:\/\/centralmedia.rs\/index.php\/2019\/05\/10\/svilajnacki-penzioneri-na-zlatiboru\/","title":{"rendered":"SVILAJNA\u010cKI PENZIONERI NA ZLATIBORU"},"content":{"rendered":"<p>SVILAJNAC- Preko 420 penzionera iz Svilajnca u\u017eivalo je na besplatnom izletu na Zlatibor u organizaciji Korisni\u010dkog centra op\u0161tine Svilajnac.<\/p>\n<div id='gallery-1' class='gallery galleryid-17587 gallery-columns-3 gallery-size-full'><figure class='gallery-item'>\n\t\t\t<div class='gallery-icon landscape'>\n\t\t\t\t<a href='https:\/\/centralmedia.rs\/index.php\/2019\/05\/10\/svilajnacki-penzioneri-na-zlatiboru\/gold2\/'><img loading=\"lazy\" decoding=\"async\" width=\"2048\" height=\"1365\" src=\"https:\/\/centralmedia.rs\/wp-content\/uploads\/2019\/05\/gold2.jpg\" class=\"attachment-full size-full\" alt=\"\" srcset=\"https:\/\/centralmedia.rs\/wp-content\/uploads\/2019\/05\/gold2.jpg 2048w, https:\/\/centralmedia.rs\/wp-content\/uploads\/2019\/05\/gold2-300x200.jpg 300w, https:\/\/centralmedia.rs\/wp-content\/uploads\/2019\/05\/gold2-768x512.jpg 768w, https:\/\/centralmedia.rs\/wp-content\/uploads\/2019\/05\/gold2-1024x683.jpg 1024w, https:\/\/centralmedia.rs\/wp-content\/uploads\/2019\/05\/gold2-630x420.jpg 630w, https:\/\/centralmedia.rs\/wp-content\/uploads\/2019\/05\/gold2-640x427.jpg 640w, https:\/\/centralmedia.rs\/wp-content\/uploads\/2019\/05\/gold2-681x454.jpg 681w\" sizes=\"(max-width: 2048px) 100vw, 2048px\" \/><\/a>\n\t\t\t<\/div><\/figure><figure class='gallery-item'>\n\t\t\t<div class='gallery-icon landscape'>\n\t\t\t\t<a href='https:\/\/centralmedia.rs\/index.php\/2019\/05\/10\/svilajnacki-penzioneri-na-zlatiboru\/gold3\/'><img loading=\"lazy\" decoding=\"async\" width=\"2048\" height=\"1365\" src=\"https:\/\/centralmedia.rs\/wp-content\/uploads\/2019\/05\/gold3.jpg\" class=\"attachment-full size-full\" alt=\"\" srcset=\"https:\/\/centralmedia.rs\/wp-content\/uploads\/2019\/05\/gold3.jpg 2048w, https:\/\/centralmedia.rs\/wp-content\/uploads\/2019\/05\/gold3-300x200.jpg 300w, https:\/\/centralmedia.rs\/wp-content\/uploads\/2019\/05\/gold3-768x512.jpg 768w, https:\/\/centralmedia.rs\/wp-content\/uploads\/2019\/05\/gold3-1024x683.jpg 1024w, https:\/\/centralmedia.rs\/wp-content\/uploads\/2019\/05\/gold3-630x420.jpg 630w, https:\/\/centralmedia.rs\/wp-content\/uploads\/2019\/05\/gold3-640x427.jpg 640w, https:\/\/centralmedia.rs\/wp-content\/uploads\/2019\/05\/gold3-681x454.jpg 681w\" sizes=\"(max-width: 2048px) 100vw, 2048px\" \/><\/a>\n\t\t\t<\/div><\/figure><figure class='gallery-item'>\n\t\t\t<div class='gallery-icon landscape'>\n\t\t\t\t<a href='https:\/\/centralmedia.rs\/index.php\/2019\/05\/10\/svilajnacki-penzioneri-na-zlatiboru\/gold4-2\/'><img loading=\"lazy\" decoding=\"async\" width=\"2048\" height=\"1365\" src=\"https:\/\/centralmedia.rs\/wp-content\/uploads\/2019\/05\/gold4-1.jpg\" class=\"attachment-full size-full\" alt=\"\" srcset=\"https:\/\/centralmedia.rs\/wp-content\/uploads\/2019\/05\/gold4-1.jpg 2048w, https:\/\/centralmedia.rs\/wp-content\/uploads\/2019\/05\/gold4-1-300x200.jpg 300w, https:\/\/centralmedia.rs\/wp-content\/uploads\/2019\/05\/gold4-1-768x512.jpg 768w, https:\/\/centralmedia.rs\/wp-content\/uploads\/2019\/05\/gold4-1-1024x683.jpg 1024w, https:\/\/centralmedia.rs\/wp-content\/uploads\/2019\/05\/gold4-1-630x420.jpg 630w, https:\/\/centralmedia.rs\/wp-content\/uploads\/2019\/05\/gold4-1-640x427.jpg 640w, https:\/\/centralmedia.rs\/wp-content\/uploads\/2019\/05\/gold4-1-681x454.jpg 681w\" sizes=\"(max-width: 2048px) 100vw, 2048px\" \/><\/a>\n\t\t\t<\/div><\/figure>\n\t\t<\/div>\n\n","protected":false},"excerpt":{"rendered":"<p>SVILAJNAC- Preko 420 penzionera iz Svilajnca u\u017eivalo je na besplatnom izletu na Zlatibor u organizaciji Korisni\u010dkog centra op\u0161tine Svilajnac.<\/p>\n","protected":false},"author":2,"featured_media":17588,"comment_status":"open","ping_status":"open","sticky":false,"template":"","format":"standard","meta":{"footnotes":""},"categories":[1524,2,23,887,1517,3054],"tags":[728,563,2876],"_links":{"self":[{"href":"https:\/\/centralmedia.rs\/index.php\/wp-json\/wp\/v2\/posts\/17587"}],"collection":[{"href":"https:\/\/centralmedia.rs\/index.php\/wp-json\/wp\/v2\/posts"}],"about":[{"href":"https:\/\/centralmedia.rs\/index.php\/wp-json\/wp\/v2\/types\/post"}],"author":[{"embeddable":true,"href":"https:\/\/centralmedia.rs\/index.php\/wp-json\/wp\/v2\/users\/2"}],"replies":[{"embeddable":true,"href":"https:\/\/centralmedia.rs\/index.php\/wp-json\/wp\/v2\/comments?post=17587"}],"version-history":[{"count":1,"href":"https:\/\/centralmedia.rs\/index.php\/wp-json\/wp\/v2\/posts\/17587\/revisions"}],"predecessor-version":[{"id":17592,"href":"https:\/\/centralmedia.rs\/index.php\/wp-json\/wp\/v2\/posts\/17587\/revisions\/17592"}],"wp:featuredmedia":[{"embeddable":true,"href":"https:\/\/centralmedia.rs\/index.php\/wp-json\/wp\/v2\/media\/17588"}],"wp:attachment":[{"href":"https:\/\/centralmedia.rs\/index.php\/wp-json\/wp\/v2\/media?parent=17587"}],"wp:term":[{"taxonomy":"category","embeddable":true,"href":"https:\/\/centralmedia.rs\/index.php\/wp-json\/wp\/v2\/categories?post=17587"},{"taxonomy":"post_tag","embeddable":true,"href":"https:\/\/centralmedia.rs\/index.php\/wp-json\/wp\/v2\/tags?post=17587"}],"curies":[{"name":"wp","href":"https:\/\/api.w.org\/{rel}","templated":true}]}}