{"id":17609,"date":"2019-05-10T18:15:39","date_gmt":"2019-05-10T18:15:39","guid":{"rendered":"http:\/\/centralmedia.rs\/?p=17609"},"modified":"2019-05-13T19:40:16","modified_gmt":"2019-05-13T19:40:16","slug":"tradicionalna-priredba-doma-srecno","status":"publish","type":"post","link":"https:\/\/centralmedia.rs\/index.php\/2019\/05\/10\/tradicionalna-priredba-doma-srecno\/","title":{"rendered":"TRADICIONALNA PRIREDBA DOMA ,,SRE\u0106NO&#8221;"},"content":{"rendered":"<p>\u0106UPRIJA- Dom u\u010denika srednjih \u0161kola \u201eSre\u0107no&#8221; iz \u0106uprije, tradicionalno, na kraju svake \u0161kolske godine organizuje sve\u010danu priredbu, na kojoj u\u010denici prezentuju program \u00a0iz oblasti kulturno \u2013 umetni\u010dkog stvarala\u0161tva koji su pripremili rade\u0107i u sekcijama tokom \u0161kolske godine. Ove godine organizovali su \u00a0izlo\u017ebu radova \u010dlanova kreativne sekcije Doma koji su nastali u prethodnih sedam godina i koji su nagra\u0111ivani na Domijadama tokom tog perioda. Sve\u010dano otvaranje izlo\u017ebe radova u\u010denika, \u010dlanova kreativne sekcije bi\u0107e u ponedeljak 13. maja u 19 \u010dasova u domskoj biblioteci. Sve\u010dana priredba bi\u0107e odr\u017eana 16. maja u sali \u0160OMO \u201eDu\u0161an Skovran&#8221;,po\u010detak je u 18 \u010dasova.<br \/>\n<img loading=\"lazy\" decoding=\"async\" class=\"alignnone wp-image-17611 size-full\" src=\"http:\/\/centralmedia.rs\/wp-content\/uploads\/2019\/05\/POSTER-PRIREDBA-2019.cdr-\u041d\u041e\u0412\u041e.jpg\" alt=\"\" width=\"600\" height=\"825\" srcset=\"https:\/\/centralmedia.rs\/wp-content\/uploads\/2019\/05\/POSTER-PRIREDBA-2019.cdr-\u041d\u041e\u0412\u041e.jpg 600w, https:\/\/centralmedia.rs\/wp-content\/uploads\/2019\/05\/POSTER-PRIREDBA-2019.cdr-\u041d\u041e\u0412\u041e-218x300.jpg 218w, https:\/\/centralmedia.rs\/wp-content\/uploads\/2019\/05\/POSTER-PRIREDBA-2019.cdr-\u041d\u041e\u0412\u041e-305x420.jpg 305w\" sizes=\"(max-width: 600px) 100vw, 600px\" \/><\/p>\n","protected":false},"excerpt":{"rendered":"<p>\u0106UPRIJA- Dom u\u010denika srednjih \u0161kola \u201eSre\u0107no&#8221; iz \u0106uprije, tradicionalno, na kraju svake \u0161kolske godine organizuje sve\u010danu priredbu, na kojoj u\u010denici prezentuju program \u00a0iz oblasti kulturno &hellip; <\/p>\n","protected":false},"author":2,"featured_media":17610,"comment_status":"open","ping_status":"open","sticky":false,"template":"","format":"standard","meta":{"footnotes":""},"categories":[1515,14,1524,2,887,12],"tags":[44,1484],"_links":{"self":[{"href":"https:\/\/centralmedia.rs\/index.php\/wp-json\/wp\/v2\/posts\/17609"}],"collection":[{"href":"https:\/\/centralmedia.rs\/index.php\/wp-json\/wp\/v2\/posts"}],"about":[{"href":"https:\/\/centralmedia.rs\/index.php\/wp-json\/wp\/v2\/types\/post"}],"author":[{"embeddable":true,"href":"https:\/\/centralmedia.rs\/index.php\/wp-json\/wp\/v2\/users\/2"}],"replies":[{"embeddable":true,"href":"https:\/\/centralmedia.rs\/index.php\/wp-json\/wp\/v2\/comments?post=17609"}],"version-history":[{"count":1,"href":"https:\/\/centralmedia.rs\/index.php\/wp-json\/wp\/v2\/posts\/17609\/revisions"}],"predecessor-version":[{"id":17612,"href":"https:\/\/centralmedia.rs\/index.php\/wp-json\/wp\/v2\/posts\/17609\/revisions\/17612"}],"wp:featuredmedia":[{"embeddable":true,"href":"https:\/\/centralmedia.rs\/index.php\/wp-json\/wp\/v2\/media\/17610"}],"wp:attachment":[{"href":"https:\/\/centralmedia.rs\/index.php\/wp-json\/wp\/v2\/media?parent=17609"}],"wp:term":[{"taxonomy":"category","embeddable":true,"href":"https:\/\/centralmedia.rs\/index.php\/wp-json\/wp\/v2\/categories?post=17609"},{"taxonomy":"post_tag","embeddable":true,"href":"https:\/\/centralmedia.rs\/index.php\/wp-json\/wp\/v2\/tags?post=17609"}],"curies":[{"name":"wp","href":"https:\/\/api.w.org\/{rel}","templated":true}]}}