{"id":17631,"date":"2019-05-12T18:38:03","date_gmt":"2019-05-12T18:38:03","guid":{"rendered":"http:\/\/centralmedia.rs\/?p=17631"},"modified":"2019-05-14T21:38:47","modified_gmt":"2019-05-14T21:38:47","slug":"otkrivanje-spomenika-heroju-aleksandru-aci-rakovicu","status":"publish","type":"post","link":"https:\/\/centralmedia.rs\/index.php\/2019\/05\/12\/otkrivanje-spomenika-heroju-aleksandru-aci-rakovicu\/","title":{"rendered":"Otkrivanje spomenika heroju Aleksandru Aci Rakovi\u0107u"},"content":{"rendered":"<p>JAGODINA- U naselju Streli\u0161te u Jagodini otkriven spomenik heroju Aleksandru Aci Rakovi\u0107u (23), podoficiru Vojske SRJ, \u00a0koji je 9. maja 1999. godine poginuo u reonu \u0110akovice na Kosovu i Metohiji brane\u0107i otad\u017ebinu.<\/p>\n<div id='gallery-1' class='gallery galleryid-17631 gallery-columns-5 gallery-size-thumbnail'><figure class='gallery-item'>\n\t\t\t<div class='gallery-icon landscape'>\n\t\t\t\t<a href='https:\/\/centralmedia.rs\/index.php\/2019\/05\/12\/otkrivanje-spomenika-heroju-aleksandru-aci-rakovicu\/aca2\/'><img loading=\"lazy\" decoding=\"async\" width=\"150\" height=\"150\" src=\"https:\/\/centralmedia.rs\/wp-content\/uploads\/2019\/05\/aca2-150x150.jpg\" class=\"attachment-thumbnail size-thumbnail\" alt=\"\" \/><\/a>\n\t\t\t<\/div><\/figure><figure class='gallery-item'>\n\t\t\t<div class='gallery-icon landscape'>\n\t\t\t\t<a href='https:\/\/centralmedia.rs\/index.php\/2019\/05\/12\/otkrivanje-spomenika-heroju-aleksandru-aci-rakovicu\/aca3\/'><img loading=\"lazy\" decoding=\"async\" width=\"150\" height=\"150\" src=\"https:\/\/centralmedia.rs\/wp-content\/uploads\/2019\/05\/aca3-150x150.jpg\" class=\"attachment-thumbnail size-thumbnail\" alt=\"\" \/><\/a>\n\t\t\t<\/div><\/figure><figure class='gallery-item'>\n\t\t\t<div class='gallery-icon landscape'>\n\t\t\t\t<a href='https:\/\/centralmedia.rs\/index.php\/2019\/05\/12\/otkrivanje-spomenika-heroju-aleksandru-aci-rakovicu\/aca4\/'><img loading=\"lazy\" decoding=\"async\" width=\"150\" height=\"150\" src=\"https:\/\/centralmedia.rs\/wp-content\/uploads\/2019\/05\/aca4-150x150.jpg\" class=\"attachment-thumbnail size-thumbnail\" alt=\"\" \/><\/a>\n\t\t\t<\/div><\/figure><figure class='gallery-item'>\n\t\t\t<div class='gallery-icon landscape'>\n\t\t\t\t<a href='https:\/\/centralmedia.rs\/index.php\/2019\/05\/12\/otkrivanje-spomenika-heroju-aleksandru-aci-rakovicu\/aca5\/'><img loading=\"lazy\" decoding=\"async\" width=\"150\" height=\"150\" src=\"https:\/\/centralmedia.rs\/wp-content\/uploads\/2019\/05\/aca5-150x150.jpg\" class=\"attachment-thumbnail size-thumbnail\" alt=\"\" \/><\/a>\n\t\t\t<\/div><\/figure><figure class='gallery-item'>\n\t\t\t<div class='gallery-icon landscape'>\n\t\t\t\t<a href='https:\/\/centralmedia.rs\/index.php\/2019\/05\/12\/otkrivanje-spomenika-heroju-aleksandru-aci-rakovicu\/aca1\/'><img loading=\"lazy\" decoding=\"async\" width=\"150\" height=\"150\" src=\"https:\/\/centralmedia.rs\/wp-content\/uploads\/2019\/05\/aca1-150x150.jpg\" class=\"attachment-thumbnail size-thumbnail\" alt=\"\" \/><\/a>\n\t\t\t<\/div><\/figure>\n\t\t<\/div>\n\n<p>-Danas je na\u0161e Streli\u0161te dobilo epitet postojanja, dobilo je svog heroja, taj heroj je Aleksandar Aca Rakovi\u0107 i hvala svim onim prijateljima koji su do danas \u010duvali lik i delo ovog heroja, a i hvala njemu \u0161to je spojio desetine generacija oko svog lika i dela. Na\u017ealost danas sa nam ovde nema predstavnika vojske, nema ni nekih umnijih ljudi koji ne\u0161to treba da ka\u017eu, ali su tu Acine kom\u0161ije, tu su ljudi koji su \u017eiveli sa njim, a nadamo se da \u0107e u budu\u0107e biti jo\u0161 vi\u0161e nara\u0161taja koji \u0107e znati da cene lik i delo na\u0161eg Aleksandra Ace Rakovi\u0107a. Ono \u0161to moramo da napomenemo da je ovaj spomenik odradila grupacija Acinih prijatelja i drugova. Svima koji su danas prisutni veliko hvala i nadamo se da \u0107e se oko ovog spomenika okupljati ljudi sa se\u0107anjem na lik i delo na\u0161eg besmrtnog Ace. Ne\u0107emo stati sa na\u0161im akcijama ono \u0161to sledi jeste peticija za imenovanje ove ulice u kojoj se nalazi spomenik u ime na\u0161eg heroja Aleksandra Ace Rakovi\u0107a, rekao je Du\u0161an Markovi\u0107, predsednik organizavije BUNT &#8211; Prava Jagodina.<\/p>\n<p>Spomenik je otkriven u prisustvu Acine majke i velikog broja ro\u0111aka, prijatelja i po\u0161tovaoca.<\/p>\n","protected":false},"excerpt":{"rendered":"<p>JAGODINA- U naselju Streli\u0161te u Jagodini otkriven spomenik heroju Aleksandru Aci Rakovi\u0107u (23), podoficiru Vojske SRJ, \u00a0koji je 9. maja 1999. godine poginuo u reonu &hellip; <\/p>\n","protected":false},"author":2,"featured_media":17632,"comment_status":"open","ping_status":"open","sticky":false,"template":"","format":"standard","meta":{"footnotes":""},"categories":[14,1524,2,1514,12],"tags":[3700,3702,58,3701],"_links":{"self":[{"href":"https:\/\/centralmedia.rs\/index.php\/wp-json\/wp\/v2\/posts\/17631"}],"collection":[{"href":"https:\/\/centralmedia.rs\/index.php\/wp-json\/wp\/v2\/posts"}],"about":[{"href":"https:\/\/centralmedia.rs\/index.php\/wp-json\/wp\/v2\/types\/post"}],"author":[{"embeddable":true,"href":"https:\/\/centralmedia.rs\/index.php\/wp-json\/wp\/v2\/users\/2"}],"replies":[{"embeddable":true,"href":"https:\/\/centralmedia.rs\/index.php\/wp-json\/wp\/v2\/comments?post=17631"}],"version-history":[{"count":1,"href":"https:\/\/centralmedia.rs\/index.php\/wp-json\/wp\/v2\/posts\/17631\/revisions"}],"predecessor-version":[{"id":17637,"href":"https:\/\/centralmedia.rs\/index.php\/wp-json\/wp\/v2\/posts\/17631\/revisions\/17637"}],"wp:featuredmedia":[{"embeddable":true,"href":"https:\/\/centralmedia.rs\/index.php\/wp-json\/wp\/v2\/media\/17632"}],"wp:attachment":[{"href":"https:\/\/centralmedia.rs\/index.php\/wp-json\/wp\/v2\/media?parent=17631"}],"wp:term":[{"taxonomy":"category","embeddable":true,"href":"https:\/\/centralmedia.rs\/index.php\/wp-json\/wp\/v2\/categories?post=17631"},{"taxonomy":"post_tag","embeddable":true,"href":"https:\/\/centralmedia.rs\/index.php\/wp-json\/wp\/v2\/tags?post=17631"}],"curies":[{"name":"wp","href":"https:\/\/api.w.org\/{rel}","templated":true}]}}