{"id":17643,"date":"2019-05-13T15:11:13","date_gmt":"2019-05-13T15:11:13","guid":{"rendered":"http:\/\/centralmedia.rs\/?p=17643"},"modified":"2019-05-14T21:39:09","modified_gmt":"2019-05-14T21:39:09","slug":"pljuste-krivicne-prijave-zbog-zloupotreba-protestima-sns-u-paracinu-pridruzili-se-zaposleni-iz-rudnika-rembas","status":"publish","type":"post","link":"https:\/\/centralmedia.rs\/index.php\/2019\/05\/13\/pljuste-krivicne-prijave-zbog-zloupotreba-protestima-sns-u-paracinu-pridruzili-se-zaposleni-iz-rudnika-rembas\/","title":{"rendered":"PLJU\u0160TE KRIVI\u010cNE PRIJAVE ZBOG ZLOUPOTREBA &#8211; PROTESTIMA SNS U PARA\u0106INU PRIDRU\u017dILI SE ZAPOSLENI IZ RUDNIKA REMBAS"},"content":{"rendered":"<p>PARA\u0106IN- Zbog zloupotrebe zaposlenih u politi\u010dke svrhe Op\u0161tinsko ve\u0107e u Para\u0107inu danas je donelo odluku da podnese krivi\u010dne prijave protiv NN lica zaposlenih u RMU Rembas u Resavici, zbog sumnje da su organizovala dolazak pojedinih radnika ovog preduze\u0107a u Para\u0107in, radi u\u010destovanja na politi\u010dkom skupu para\u0107inskog povereni\u0161tva SNS i odsutvuju\u0107i sa posla prekr\u0161ili odredbe Zakona o radu. Od direktora RMU Rembas iz Resavice zatra\u017eena je ostavka, ukoliko se doka\u017ee da je dolazak radnika organizovalo i podr\u017ealo rukovodostvo rudnika. \u00a0Nadle\u017eno ministarstvo je obev\u0161teno o mogu\u0107oj zloupotrebi radnika rudnika Rembas u politi\u010dke svrhe. Taka\u0111e je nadle\u017enoj Saobra\u0107ajnoj inspekcijama upu\u0107en zahtev da se ispita zkonitost obavljanje vanliniskog prevoza prevoznika Alba tours Resava Despotovac i da li je obavljen u skladu sa zakonom.<\/p>\n<div id='gallery-1' class='gallery galleryid-17643 gallery-columns-4 gallery-size-full'><figure class='gallery-item'>\n\t\t\t<div class='gallery-icon landscape'>\n\t\t\t\t<a href='https:\/\/centralmedia.rs\/index.php\/2019\/05\/13\/pljuste-krivicne-prijave-zbog-zloupotreba-protestima-sns-u-paracinu-pridruzili-se-zaposleni-iz-rudnika-rembas\/paunovic-3\/'><img loading=\"lazy\" decoding=\"async\" width=\"1280\" height=\"622\" src=\"https:\/\/centralmedia.rs\/wp-content\/uploads\/2019\/05\/paunovic.jpg\" class=\"attachment-full size-full\" alt=\"\" srcset=\"https:\/\/centralmedia.rs\/wp-content\/uploads\/2019\/05\/paunovic.jpg 1280w, https:\/\/centralmedia.rs\/wp-content\/uploads\/2019\/05\/paunovic-300x146.jpg 300w, https:\/\/centralmedia.rs\/wp-content\/uploads\/2019\/05\/paunovic-768x373.jpg 768w, https:\/\/centralmedia.rs\/wp-content\/uploads\/2019\/05\/paunovic-1024x498.jpg 1024w, https:\/\/centralmedia.rs\/wp-content\/uploads\/2019\/05\/paunovic-864x420.jpg 864w, https:\/\/centralmedia.rs\/wp-content\/uploads\/2019\/05\/paunovic-640x311.jpg 640w, https:\/\/centralmedia.rs\/wp-content\/uploads\/2019\/05\/paunovic-681x331.jpg 681w\" sizes=\"(max-width: 1280px) 100vw, 1280px\" \/><\/a>\n\t\t\t<\/div><\/figure><figure class='gallery-item'>\n\t\t\t<div class='gallery-icon landscape'>\n\t\t\t\t<a href='https:\/\/centralmedia.rs\/index.php\/2019\/05\/13\/pljuste-krivicne-prijave-zbog-zloupotreba-protestima-sns-u-paracinu-pridruzili-se-zaposleni-iz-rudnika-rembas\/sns2-2\/'><img loading=\"lazy\" decoding=\"async\" width=\"1280\" height=\"622\" src=\"https:\/\/centralmedia.rs\/wp-content\/uploads\/2019\/05\/sns2.jpg\" class=\"attachment-full size-full\" alt=\"\" srcset=\"https:\/\/centralmedia.rs\/wp-content\/uploads\/2019\/05\/sns2.jpg 1280w, https:\/\/centralmedia.rs\/wp-content\/uploads\/2019\/05\/sns2-300x146.jpg 300w, https:\/\/centralmedia.rs\/wp-content\/uploads\/2019\/05\/sns2-768x373.jpg 768w, https:\/\/centralmedia.rs\/wp-content\/uploads\/2019\/05\/sns2-1024x498.jpg 1024w, https:\/\/centralmedia.rs\/wp-content\/uploads\/2019\/05\/sns2-864x420.jpg 864w, https:\/\/centralmedia.rs\/wp-content\/uploads\/2019\/05\/sns2-640x311.jpg 640w, https:\/\/centralmedia.rs\/wp-content\/uploads\/2019\/05\/sns2-681x331.jpg 681w\" sizes=\"(max-width: 1280px) 100vw, 1280px\" \/><\/a>\n\t\t\t<\/div><\/figure><figure class='gallery-item'>\n\t\t\t<div class='gallery-icon landscape'>\n\t\t\t\t<a href='https:\/\/centralmedia.rs\/index.php\/2019\/05\/13\/pljuste-krivicne-prijave-zbog-zloupotreba-protestima-sns-u-paracinu-pridruzili-se-zaposleni-iz-rudnika-rembas\/paunovic1\/'><img loading=\"lazy\" decoding=\"async\" width=\"1280\" height=\"622\" src=\"https:\/\/centralmedia.rs\/wp-content\/uploads\/2019\/05\/paunovic1.jpg\" class=\"attachment-full size-full\" alt=\"\" srcset=\"https:\/\/centralmedia.rs\/wp-content\/uploads\/2019\/05\/paunovic1.jpg 1280w, https:\/\/centralmedia.rs\/wp-content\/uploads\/2019\/05\/paunovic1-300x146.jpg 300w, https:\/\/centralmedia.rs\/wp-content\/uploads\/2019\/05\/paunovic1-768x373.jpg 768w, https:\/\/centralmedia.rs\/wp-content\/uploads\/2019\/05\/paunovic1-1024x498.jpg 1024w, https:\/\/centralmedia.rs\/wp-content\/uploads\/2019\/05\/paunovic1-864x420.jpg 864w, https:\/\/centralmedia.rs\/wp-content\/uploads\/2019\/05\/paunovic1-640x311.jpg 640w, https:\/\/centralmedia.rs\/wp-content\/uploads\/2019\/05\/paunovic1-681x331.jpg 681w\" sizes=\"(max-width: 1280px) 100vw, 1280px\" \/><\/a>\n\t\t\t<\/div><\/figure><figure class='gallery-item'>\n\t\t\t<div class='gallery-icon landscape'>\n\t\t\t\t<a href='https:\/\/centralmedia.rs\/index.php\/2019\/05\/13\/pljuste-krivicne-prijave-zbog-zloupotreba-protestima-sns-u-paracinu-pridruzili-se-zaposleni-iz-rudnika-rembas\/sns-6\/'><img loading=\"lazy\" decoding=\"async\" width=\"1280\" height=\"622\" src=\"https:\/\/centralmedia.rs\/wp-content\/uploads\/2019\/05\/sns.jpg\" class=\"attachment-full size-full\" alt=\"\" srcset=\"https:\/\/centralmedia.rs\/wp-content\/uploads\/2019\/05\/sns.jpg 1280w, https:\/\/centralmedia.rs\/wp-content\/uploads\/2019\/05\/sns-300x146.jpg 300w, https:\/\/centralmedia.rs\/wp-content\/uploads\/2019\/05\/sns-768x373.jpg 768w, https:\/\/centralmedia.rs\/wp-content\/uploads\/2019\/05\/sns-1024x498.jpg 1024w, https:\/\/centralmedia.rs\/wp-content\/uploads\/2019\/05\/sns-864x420.jpg 864w, https:\/\/centralmedia.rs\/wp-content\/uploads\/2019\/05\/sns-640x311.jpg 640w, https:\/\/centralmedia.rs\/wp-content\/uploads\/2019\/05\/sns-681x331.jpg 681w\" sizes=\"(max-width: 1280px) 100vw, 1280px\" \/><\/a>\n\t\t\t<\/div><\/figure>\n\t\t<\/div>\n\n<p>Vi\u0161ednevnim protestima povereni\u0161tava SNS iz Para\u0107ina, u petak ih je bilo tek dvadesetak aktivista, protiv aktuelne vlasti, danas su se u tri autobuisa pridru\u017eili zaposleni iz JP PEU Resavica, rudnika Rembas iz Resavice. Dvestotinak u\u010desnika protesta zahtevali su raspisivanje vanrednih izbora i upu\u0107ivali uvrede ,,fa\u0161isti&#8221;,,lopovi&#8221;, ,vratite pare&#8221;, a zatim su im se obratili otpu\u0161teni radnici Srpske fabrike stakla, koji su pozvali rudare da ih podr\u017ee u nastojanju da se vrate na posao posle odbacivanja ,,la\u017enog&#8221; ste\u010daja, a \u00a0predsednik op\u0161tine Sa\u0161a Paunovi\u0107 im je poru\u010dio da izbore ne\u0107e biti pre slede\u0107e godine,kao \u0161to to nala\u017eu zakon\u00a0 i ustav.<\/p>\n<p>&#8211; Koliko vas je iz Despotovca i rudnika Rembas. Snimilio smo vas od rudnika, kada ste po\u0161li. Kada Odbijemo despotov\u010dane, nema aktivista SNS iz Para\u0107ina za dva autobusa Eurolin. Znam da vam je te\u0161ko i da vas srce boli, naprednjaci su na vlsti u celoj zemlji, samo ovde niste na vlasti. To je du\u0161evna bol. Znam da ne \u017eete da spavate zbog toga. Ali obe\u0107avam vam da nikada ne\u0107ete biti na vlasti u Para\u0107inu,jer ste burke najobi\u010dnije. Doveli ste Despotov\u010dane danas u Para\u0107in, autobusima iz Rembasa. Radnici su morali da do\u0111u, pozvali ste radnike privatnih preduze\u0107a. Vi ste najgori para\u0107inski bednici. Zato ni\u0161ta od vas nema na izborima. Ovde ste samo zbog li\u010dnih interesa, rekao je Paunovi\u0107 obra\u0107aju\u0107i se okupljenim naprednjacima koji su ,,\u010dastili&#8221; sa najgorim uvredama.<\/p>\n<p>On je protest povereni\u0161tva SNS okarakterisao kao ,,skup preleta\u010da, koristoljubivih ljudi, poznate pro\u0161losti, koji nisu u stanju da skupe 200 ljudi ispred op\u0161tine&#8221;.<\/p>\n<p>&#8211; Vi ne vredite ni\u0161ta. Stojite tu, vi\u010dite vre\u0111ajte, radite \u0161ta znate od varednih izbora nema ni\u0161ta. Kada budu redovni izbori izgubi\u0107ete, rekao je odgovaraju\u0107i na uvrede Paunovi\u0107.<\/p>\n<p>Predsednik mladih SNS u Para\u0107inu Nikola Krsti\u0107 rekao je ispred spomenika \u017drtvama fa\u0161izma da iza zahteva te stranke stoji 20.000 Para\u0107inaca, kao i da se ,,Paunovi\u0107 nasilni\u010dki pona\u0161a prema politi\u010dkim neistomi\u0161ljenicima&#8221;, kao i da je o\u0161te\u0107en bud\u017eet ,,za vi\u0161estotina miliona dinara&#8221;.<\/p>\n","protected":false},"excerpt":{"rendered":"<p>PARA\u0106IN- Zbog zloupotrebe zaposlenih u politi\u010dke svrhe Op\u0161tinsko ve\u0107e u Para\u0107inu danas je donelo odluku da podnese krivi\u010dne prijave protiv NN lica zaposlenih u RMU &hellip; <\/p>\n","protected":false},"author":2,"featured_media":17644,"comment_status":"open","ping_status":"open","sticky":false,"template":"","format":"standard","meta":{"footnotes":""},"categories":[1524,2,1516,13,887,12],"tags":[156,1922,552,136],"_links":{"self":[{"href":"https:\/\/centralmedia.rs\/index.php\/wp-json\/wp\/v2\/posts\/17643"}],"collection":[{"href":"https:\/\/centralmedia.rs\/index.php\/wp-json\/wp\/v2\/posts"}],"about":[{"href":"https:\/\/centralmedia.rs\/index.php\/wp-json\/wp\/v2\/types\/post"}],"author":[{"embeddable":true,"href":"https:\/\/centralmedia.rs\/index.php\/wp-json\/wp\/v2\/users\/2"}],"replies":[{"embeddable":true,"href":"https:\/\/centralmedia.rs\/index.php\/wp-json\/wp\/v2\/comments?post=17643"}],"version-history":[{"count":2,"href":"https:\/\/centralmedia.rs\/index.php\/wp-json\/wp\/v2\/posts\/17643\/revisions"}],"predecessor-version":[{"id":17650,"href":"https:\/\/centralmedia.rs\/index.php\/wp-json\/wp\/v2\/posts\/17643\/revisions\/17650"}],"wp:featuredmedia":[{"embeddable":true,"href":"https:\/\/centralmedia.rs\/index.php\/wp-json\/wp\/v2\/media\/17644"}],"wp:attachment":[{"href":"https:\/\/centralmedia.rs\/index.php\/wp-json\/wp\/v2\/media?parent=17643"}],"wp:term":[{"taxonomy":"category","embeddable":true,"href":"https:\/\/centralmedia.rs\/index.php\/wp-json\/wp\/v2\/categories?post=17643"},{"taxonomy":"post_tag","embeddable":true,"href":"https:\/\/centralmedia.rs\/index.php\/wp-json\/wp\/v2\/tags?post=17643"}],"curies":[{"name":"wp","href":"https:\/\/api.w.org\/{rel}","templated":true}]}}