{"id":17651,"date":"2019-05-13T17:52:56","date_gmt":"2019-05-13T17:52:56","guid":{"rendered":"http:\/\/centralmedia.rs\/?p=17651"},"modified":"2019-05-16T11:21:41","modified_gmt":"2019-05-16T11:21:41","slug":"plaketa-pocasnog-gradanina-panonskog-decjeg-grada-peda-trajkovic-medu-velikanima","status":"publish","type":"post","link":"https:\/\/centralmedia.rs\/index.php\/2019\/05\/13\/plaketa-pocasnog-gradanina-panonskog-decjeg-grada-peda-trajkovic-medu-velikanima\/","title":{"rendered":"Plaketa po\u010dasnog gra\u0111anina \u201ePanonskog de\u010djeg grada\u201c &#8211; PE\u0110A TRAJKOVI\u0106 ME\u0110U VELIKANIMA"},"content":{"rendered":"<p>Na\u00a0 jedanaestom me\u0111unarodnom festivalu de\u010djeg stvarala\u0161tva \u201eNa krilima detinjstva\u201c koje se pod pokroviteljstvom Ministarstva kulture i informisanja RS\u00a0 odr\u017eava u turisti\u010dkom kompleksu \u201ePanonija\u201c nedaleko od Ba\u010dke Topole, Pe\u0111i Trajkovi\u0107u \u00a0je uru\u010dena Plaketa po\u010dasnog gra\u0111anina \u201ePanonskog de\u010djeg grada\u201c koja se dodeljuje eminentnim umetnicima\u00a0 za njihov sveukupni doprinos\u00a0 knji\u017eevnosti i muzike za decu. Istovremeno je u prelepom ambijentu parka Panonije otkrivena tabla sa njegovim imenom koja \u0107e tu zauvek stajati uz imena velikana : Ljubivoja R\u0161umovi\u0107a, Dobrice Eri\u0107a, Pere Zupca, Ra\u0161e Popova, Mo\u0161e Odalovi\u0107a&#8230;\u00a0 prethodnih nosiolaca \u00a0ovog velikog priznanja. Pe\u0111i Trajkovi\u0107u je pripala i \u010dast da otvori ovaj spektakularni festival na kome su se u razli\u010ditim oblastima umetni\u010dkog stvarala\u0161tva takmi\u010de deca iz svih\u00a0 zemalja biv\u0161e SFRJ. Istovremeno, u okviru bogatog programa festivala jedno ve\u010de bilo je posve\u0107eno njegovom raznovrsnom delu.<\/p>\n<p>Obrazla\u017eu\u0107i\u00a0 odluku da se ove godine Pe\u0111i Trajkovi\u0107u dodeli ovo priznanje, umetni\u010dki direktor festivala, istaknuti pesnik Tode Nikoleti\u0107, izme\u0111u ostalog je rekao: &#8211; Iz Pe\u0111ine \u00a0\u00a0\u201c\u0160arene \u00a0radionice\u201c \u00a0koja radi 25 \u010dasova dnevno, kao iz ko\u0161nice, izle\u0107u pesme, drame, mjuzikli, recitali, prevodi, crte\u017ei&#8230; \u010carobnjak iz Jagodine pronosi slavu grada, nastanjen u vozu bez voznog reda koji putuje oko sveta osamdeset puta po osamdeset dana, majstor je\u00a0 za popravljanje tuge, brige, samo\u0107e, straha i dosade i \u010dini \u010duda da bi svetu bilo svetlije, \u010dove\u010danstvu \u2013 \u010dove\u010dnije a deci sre\u0107nije.<\/p>\n","protected":false},"excerpt":{"rendered":"<p>Na\u00a0 jedanaestom me\u0111unarodnom festivalu de\u010djeg stvarala\u0161tva \u201eNa krilima detinjstva\u201c koje se pod pokroviteljstvom Ministarstva kulture i informisanja RS\u00a0 odr\u017eava u turisti\u010dkom kompleksu \u201ePanonija\u201c nedaleko od &hellip; <\/p>\n","protected":false},"author":2,"featured_media":17652,"comment_status":"open","ping_status":"open","sticky":false,"template":"","format":"standard","meta":{"footnotes":""},"categories":[1524,2,1514,15,12],"tags":[3703,1333],"_links":{"self":[{"href":"https:\/\/centralmedia.rs\/index.php\/wp-json\/wp\/v2\/posts\/17651"}],"collection":[{"href":"https:\/\/centralmedia.rs\/index.php\/wp-json\/wp\/v2\/posts"}],"about":[{"href":"https:\/\/centralmedia.rs\/index.php\/wp-json\/wp\/v2\/types\/post"}],"author":[{"embeddable":true,"href":"https:\/\/centralmedia.rs\/index.php\/wp-json\/wp\/v2\/users\/2"}],"replies":[{"embeddable":true,"href":"https:\/\/centralmedia.rs\/index.php\/wp-json\/wp\/v2\/comments?post=17651"}],"version-history":[{"count":1,"href":"https:\/\/centralmedia.rs\/index.php\/wp-json\/wp\/v2\/posts\/17651\/revisions"}],"predecessor-version":[{"id":17653,"href":"https:\/\/centralmedia.rs\/index.php\/wp-json\/wp\/v2\/posts\/17651\/revisions\/17653"}],"wp:featuredmedia":[{"embeddable":true,"href":"https:\/\/centralmedia.rs\/index.php\/wp-json\/wp\/v2\/media\/17652"}],"wp:attachment":[{"href":"https:\/\/centralmedia.rs\/index.php\/wp-json\/wp\/v2\/media?parent=17651"}],"wp:term":[{"taxonomy":"category","embeddable":true,"href":"https:\/\/centralmedia.rs\/index.php\/wp-json\/wp\/v2\/categories?post=17651"},{"taxonomy":"post_tag","embeddable":true,"href":"https:\/\/centralmedia.rs\/index.php\/wp-json\/wp\/v2\/tags?post=17651"}],"curies":[{"name":"wp","href":"https:\/\/api.w.org\/{rel}","templated":true}]}}