{"id":17663,"date":"2019-05-13T19:17:02","date_gmt":"2019-05-13T19:17:02","guid":{"rendered":"http:\/\/centralmedia.rs\/?p=17663"},"modified":"2019-05-14T21:39:45","modified_gmt":"2019-05-14T21:39:45","slug":"svilajnac-u-pripravnosti","status":"publish","type":"post","link":"https:\/\/centralmedia.rs\/index.php\/2019\/05\/13\/svilajnac-u-pripravnosti\/","title":{"rendered":"SVILAJNAC U PRIPRAVNOSTI"},"content":{"rendered":"<p>SVILAJNAC- Predsednik Op\u0161tine Svilajnac Predrag Milanovi\u0107 obi\u0161ao je danas radnike Javno-komunalnog preduze\u0107a \u201eMorava\u201c, koji rade na preventivnim merama u slu\u010daju vremenskih nepogoda.<\/p>\n<div id='gallery-1' class='gallery galleryid-17663 gallery-columns-5 gallery-size-thumbnail'><figure class='gallery-item'>\n\t\t\t<div class='gallery-icon landscape'>\n\t\t\t\t<a href='https:\/\/centralmedia.rs\/index.php\/2019\/05\/13\/svilajnac-u-pripravnosti\/pripdvnot\/'><img loading=\"lazy\" decoding=\"async\" width=\"150\" height=\"150\" src=\"https:\/\/centralmedia.rs\/wp-content\/uploads\/2019\/05\/pripdvnot-150x150.jpg\" class=\"attachment-thumbnail size-thumbnail\" alt=\"\" \/><\/a>\n\t\t\t<\/div><\/figure><figure class='gallery-item'>\n\t\t\t<div class='gallery-icon landscape'>\n\t\t\t\t<a href='https:\/\/centralmedia.rs\/index.php\/2019\/05\/13\/svilajnac-u-pripravnosti\/pripra-nsot2\/'><img loading=\"lazy\" decoding=\"async\" width=\"150\" height=\"150\" src=\"https:\/\/centralmedia.rs\/wp-content\/uploads\/2019\/05\/pripra-nsot2-150x150.jpg\" class=\"attachment-thumbnail size-thumbnail\" alt=\"\" \/><\/a>\n\t\t\t<\/div><\/figure><figure class='gallery-item'>\n\t\t\t<div class='gallery-icon landscape'>\n\t\t\t\t<a href='https:\/\/centralmedia.rs\/index.php\/2019\/05\/13\/svilajnac-u-pripravnosti\/pripranost1\/'><img loading=\"lazy\" decoding=\"async\" width=\"150\" height=\"150\" src=\"https:\/\/centralmedia.rs\/wp-content\/uploads\/2019\/05\/pripranost1-150x150.jpg\" class=\"attachment-thumbnail size-thumbnail\" alt=\"\" \/><\/a>\n\t\t\t<\/div><\/figure><figure class='gallery-item'>\n\t\t\t<div class='gallery-icon landscape'>\n\t\t\t\t<a href='https:\/\/centralmedia.rs\/index.php\/2019\/05\/13\/svilajnac-u-pripravnosti\/pripravnsot\/'><img loading=\"lazy\" decoding=\"async\" width=\"150\" height=\"150\" src=\"https:\/\/centralmedia.rs\/wp-content\/uploads\/2019\/05\/pripravnsot-150x150.jpg\" class=\"attachment-thumbnail size-thumbnail\" alt=\"\" \/><\/a>\n\t\t\t<\/div><\/figure><figure class='gallery-item'>\n\t\t\t<div class='gallery-icon landscape'>\n\t\t\t\t<a href='https:\/\/centralmedia.rs\/index.php\/2019\/05\/13\/svilajnac-u-pripravnosti\/prirpavnost\/'><img loading=\"lazy\" decoding=\"async\" width=\"150\" height=\"150\" src=\"https:\/\/centralmedia.rs\/wp-content\/uploads\/2019\/05\/prirpavnost-150x150.jpg\" class=\"attachment-thumbnail size-thumbnail\" alt=\"\" \/><\/a>\n\t\t\t<\/div><\/figure>\n\t\t<\/div>\n\n<p>&#8211; U petak je odr\u017eano zasedanje \u0161taba, gde smo raspodelili obaveze i mislim da smo u stanju pripravnosti. Prema najnovijim informacijama, popodne \u0107e verovatno krenuti padavine, tako da je nama ostalo jo\u0161 da pripremimo odre\u0111enu koli\u010dinu d\u017eakova, na \u010demu radi Javno-komunalno preduze\u0107e \u201eMorava\u201c. Uvedeno je i de\u017eurstvo u zgradi Op\u0161tine, koje je aktivno 24 \u010dasa. \u0160to se ti\u010de odbrane od poplava, mi smo deo jednog velikog sistema i pona\u0161amo se u skladu sa naredbama koje dolaze sa nivoa Republike. Ne o\u010dekujemo ve\u0107e probleme na Resavi, s obzirom na sve \u0161to je do sad odra\u0111eno. Ve\u0107a predostro\u017enost je na pritokama Resave i vodama drugog reda, s tim da je ve\u0107i deo potoka regulisan, dok je ostatak u toku regulacije, izjavio je Milanovi\u0107.<br \/>\nKriti\u010dna ta\u010dka tokom poplava u maju 2014. godine je bio bedem na Resavi iza Svilajna\u010dkog naselja Vra\u010dar, koji je sada oja\u010dan i podignut za vi\u0161e od 2 metra. Predsednik je obi\u0161ao i ovaj lokalitet i ovom prilikom poru\u010dio da gra\u0111ani Svilajnca ne treba da brinu oko najavljenih padavina, jer je sistem za odbranu grada u velikoj meri zavr\u0161en.<\/p>\n<p>&#8211; Ostalo nam je jo\u0161 da zavr\u0161imo u gradu zid na Resavi, koji \u0107e po zavr\u0161etku radova urediti arhitekte i JKP\u201eMorava\u201c, kako bi smo imali ure\u0111en i ovaj deo grada, objasnio je on.<br \/>\nUvedena je de\u017eurna slu\u017eba koja je sme\u0161tena u zgradi op\u0161tine Svilajnac, u ul. Svetog Save 102, kancelarija broj 53, na prvom spratu. De\u017eurna slu\u017eba je aktivna 24 sata dnevno, a informacije se u svakom trenutnku mogu dobiti na brojeve telefona: 035\/325-942 i 064\/8912614.<\/p>\n","protected":false},"excerpt":{"rendered":"<p>SVILAJNAC- Predsednik Op\u0161tine Svilajnac Predrag Milanovi\u0107 obi\u0161ao je danas radnike Javno-komunalnog preduze\u0107a \u201eMorava\u201c, koji rade na preventivnim merama u slu\u010daju vremenskih nepogoda. &#8211; U petak &hellip; <\/p>\n","protected":false},"author":2,"featured_media":17664,"comment_status":"open","ping_status":"open","sticky":false,"template":"","format":"standard","meta":{"footnotes":""},"categories":[1524,2,887,16,12,1517],"tags":[977,38],"_links":{"self":[{"href":"https:\/\/centralmedia.rs\/index.php\/wp-json\/wp\/v2\/posts\/17663"}],"collection":[{"href":"https:\/\/centralmedia.rs\/index.php\/wp-json\/wp\/v2\/posts"}],"about":[{"href":"https:\/\/centralmedia.rs\/index.php\/wp-json\/wp\/v2\/types\/post"}],"author":[{"embeddable":true,"href":"https:\/\/centralmedia.rs\/index.php\/wp-json\/wp\/v2\/users\/2"}],"replies":[{"embeddable":true,"href":"https:\/\/centralmedia.rs\/index.php\/wp-json\/wp\/v2\/comments?post=17663"}],"version-history":[{"count":1,"href":"https:\/\/centralmedia.rs\/index.php\/wp-json\/wp\/v2\/posts\/17663\/revisions"}],"predecessor-version":[{"id":17669,"href":"https:\/\/centralmedia.rs\/index.php\/wp-json\/wp\/v2\/posts\/17663\/revisions\/17669"}],"wp:featuredmedia":[{"embeddable":true,"href":"https:\/\/centralmedia.rs\/index.php\/wp-json\/wp\/v2\/media\/17664"}],"wp:attachment":[{"href":"https:\/\/centralmedia.rs\/index.php\/wp-json\/wp\/v2\/media?parent=17663"}],"wp:term":[{"taxonomy":"category","embeddable":true,"href":"https:\/\/centralmedia.rs\/index.php\/wp-json\/wp\/v2\/categories?post=17663"},{"taxonomy":"post_tag","embeddable":true,"href":"https:\/\/centralmedia.rs\/index.php\/wp-json\/wp\/v2\/tags?post=17663"}],"curies":[{"name":"wp","href":"https:\/\/api.w.org\/{rel}","templated":true}]}}