{"id":17725,"date":"2019-05-16T18:04:07","date_gmt":"2019-05-16T18:04:07","guid":{"rendered":"http:\/\/centralmedia.rs\/?p=17725"},"modified":"2019-05-19T12:46:04","modified_gmt":"2019-05-19T12:46:04","slug":"zbog-iznosenja-neistina-i-sirenje-govora-mrznje-paunovic-trazi-od-drzavnih-organa-razrezenje-stojkovica-sa-svih-javnih-funkcija","status":"publish","type":"post","link":"https:\/\/centralmedia.rs\/index.php\/2019\/05\/16\/zbog-iznosenja-neistina-i-sirenje-govora-mrznje-paunovic-trazi-od-drzavnih-organa-razrezenje-stojkovica-sa-svih-javnih-funkcija\/","title":{"rendered":"ZBOG IZNO\u0160ENJA NEISTINA I \u0160IRENJE GOVORA MR\u017dNJE, PAUNOVI\u0106 TRA\u017dI OD DR\u017dAVNIH ORGANA RAZRE\u017dENJE STOJKOVI\u0106A SA SVIH JAVNIH FUNKCIJA"},"content":{"rendered":"<p>PARA\u0106IN- Povodom izjava teologa Milo\u0161a Stojkovi\u0107a u Jutarnjem programu TV Pink, predsednik op\u0161tine Para\u0107in Sa\u0161a Paunovi\u0107 danas se pismom obratio Ministarstvu pravde &#8211; direktoru Uprave za saradnju sa ckvama i verskim zajednicama dr Mileti Radojkvi\u0107u, osudio govor mr\u017enje i zahtevao da Stojkovi\u0107 bude razre\u0161en svih javnih funkcija. Prenosimo pismo Paunovi\u0107:<\/p>\n<p>&#8211; Obra\u0107amo Vam se povodom izno\u0161enja neistina i \u0161irenja govora mr\u017enje u medijima sa nacionalnom frekvencijom.<\/p>\n<p>Naime, u emisiji Jutarnji programu na televiziji Pink u sredu, 15.maja 2019.godine gostovao je i izneo neistine\u00a0 i \u0161irio govor mr\u017enje g.din Milo\u0161 Stojkovi\u0107.<\/p>\n<p>On je u\u017eivo u programu neta\u010dno izrekao \u010dinjenicu da je u ime Hri\u0161\u0107anske adventisti\u010dke crkve predsednik op\u0161tine Para\u0107in na teritoriji op\u0161tine Para\u0107in\u00a0 delio paketi\u0107e u kojima je bila cedulja kojom su gra\u0111ani pozivani da se priklju\u010de &#8221;subotarima&#8221;.\u00a0 Tako\u0111e je ovu versku organizaciju nazvao sektom koju podr\u017eava predsednik op\u0161tine Para\u0107in.<\/p>\n<p>G.din Stojkovi\u0107 teolog, verski analiti\u010dar i poverenik igumana manastira Hilandar, kako je javnosti predstavljen, je istom prilikom optu\u017eio ADRA humanitarnu organizaciju da je kroz podelu humanitarne pomo\u0107i pozivala ljude da se priklju\u010de adventisti\u010dkoj crkvi, a koju je ponavljamo, ranije okarakterisao kao sektu.<\/p>\n<p>Osu\u0111ujemo govor mr\u017enje i umanjenje zna\u010daja pomo\u0107i koju pru\u017ea humantarna organizacija ADRA &#8221;teologa&#8221; Milo\u0161a Stojkovi\u0107a, ali smo i ogor\u010deni medijima koji ovakve neistine prenose bez ikave provere \u010dinjenica i stanja na terenu.<\/p>\n<p>Tra\u017eimo od zvani\u010dnih organa da reaguju i da g.din Stojkovi\u0107 bude razre\u0161en svih javnih funkcija zbog \u0161irenja govora mr\u017enje obzirom da je prema na\u0161im saznanjima od strane nadle\u017enog ministarstva postavljan na mesta \u010dlana upravnih odbora dr\u017eavnih ustanova socijalne za\u0161tite, stoji u pismu koje je predsednik op\u0161tine Para\u0107in Sa\u0161a Paunovi\u0107 uputio Ministarstvu pravde &#8211; direktoru Uprave za saradnju sa ckvama i verskim zajednicama dr Mileti Radojkvi\u0107u.<\/p>\n<p><img loading=\"lazy\" decoding=\"async\" class=\"alignnone wp-image-17728 size-full\" src=\"http:\/\/centralmedia.rs\/wp-content\/uploads\/2019\/05\/milos-stojkovic.jpg\" alt=\"\" width=\"663\" height=\"390\" srcset=\"https:\/\/centralmedia.rs\/wp-content\/uploads\/2019\/05\/milos-stojkovic.jpg 663w, https:\/\/centralmedia.rs\/wp-content\/uploads\/2019\/05\/milos-stojkovic-300x176.jpg 300w, https:\/\/centralmedia.rs\/wp-content\/uploads\/2019\/05\/milos-stojkovic-640x376.jpg 640w\" sizes=\"(max-width: 663px) 100vw, 663px\" \/><\/p>\n<p>Da podsetimo Stojkovi\u0107 je na TV Pink naosnovano optu\u017eio Paunovi\u0107a da je ,,zajedno sa svojim saradnicima delio paketi\u0107e humanitarne organizacije \u201cAdra\u201d (Adventisti\u010dki humanitarni i razvojni rad)&#8221;. To su preneli gotovo svi nacionalni mediji, naklonjeni vlasti.<\/p>\n<p>,,Svaki paketi\u0107 sadr\u017eao je i poziv gra\u0111anima da se priklju\u010de Adventistima, odnosno subotarima.<\/p>\n<p>&#8211; I ja delim paketi\u0107e za praznike, ali u pakti\u0107u ne nagla\u0161avamo da smo pravoslavni hri\u0161\u0107ani i ne pozivamo gra\u0111ane da se priklju\u010de na\u0161oj veri. Paketi\u0107e delimo i ljudima koji nisu pravoslavci \u2013\u00a0rekao je teolog na TV Pink&#8221;, a preneo Infromer.<\/p>\n<p>&nbsp;<\/p>\n<p>&nbsp;<\/p>\n","protected":false},"excerpt":{"rendered":"<p>PARA\u0106IN- Povodom izjava teologa Milo\u0161a Stojkovi\u0107a u Jutarnjem programu TV Pink, predsednik op\u0161tine Para\u0107in Sa\u0161a Paunovi\u0107 danas se pismom obratio Ministarstvu pravde &#8211; direktoru Uprave &hellip; <\/p>\n","protected":false},"author":2,"featured_media":17647,"comment_status":"open","ping_status":"open","sticky":false,"template":"","format":"standard","meta":{"footnotes":""},"categories":[1524,2,1516,13,887,12],"tags":[3716,3715,181,552],"_links":{"self":[{"href":"https:\/\/centralmedia.rs\/index.php\/wp-json\/wp\/v2\/posts\/17725"}],"collection":[{"href":"https:\/\/centralmedia.rs\/index.php\/wp-json\/wp\/v2\/posts"}],"about":[{"href":"https:\/\/centralmedia.rs\/index.php\/wp-json\/wp\/v2\/types\/post"}],"author":[{"embeddable":true,"href":"https:\/\/centralmedia.rs\/index.php\/wp-json\/wp\/v2\/users\/2"}],"replies":[{"embeddable":true,"href":"https:\/\/centralmedia.rs\/index.php\/wp-json\/wp\/v2\/comments?post=17725"}],"version-history":[{"count":5,"href":"https:\/\/centralmedia.rs\/index.php\/wp-json\/wp\/v2\/posts\/17725\/revisions"}],"predecessor-version":[{"id":17731,"href":"https:\/\/centralmedia.rs\/index.php\/wp-json\/wp\/v2\/posts\/17725\/revisions\/17731"}],"wp:featuredmedia":[{"embeddable":true,"href":"https:\/\/centralmedia.rs\/index.php\/wp-json\/wp\/v2\/media\/17647"}],"wp:attachment":[{"href":"https:\/\/centralmedia.rs\/index.php\/wp-json\/wp\/v2\/media?parent=17725"}],"wp:term":[{"taxonomy":"category","embeddable":true,"href":"https:\/\/centralmedia.rs\/index.php\/wp-json\/wp\/v2\/categories?post=17725"},{"taxonomy":"post_tag","embeddable":true,"href":"https:\/\/centralmedia.rs\/index.php\/wp-json\/wp\/v2\/tags?post=17725"}],"curies":[{"name":"wp","href":"https:\/\/api.w.org\/{rel}","templated":true}]}}