{"id":17735,"date":"2019-05-17T09:11:44","date_gmt":"2019-05-17T09:11:44","guid":{"rendered":"http:\/\/centralmedia.rs\/?p=17735"},"modified":"2019-05-19T12:43:44","modified_gmt":"2019-05-19T12:43:44","slug":"zavrsna-priredba-doma-ucenika-srecno-u-cupriji","status":"publish","type":"post","link":"https:\/\/centralmedia.rs\/index.php\/2019\/05\/17\/zavrsna-priredba-doma-ucenika-srecno-u-cupriji\/","title":{"rendered":"ZAVR\u0160NA PRIREDBA DOMA U\u010cENIKA ,,SRE\u0106NO&#8221; U \u0106UPRIJI"},"content":{"rendered":"<p>\u0106UPRIJA- U\u010denici Doma ,,Sre\u0107no&#8221; u \u0106upriji priredili su nezaboravno ve\u010de na Zavr\u0161noj priredbi na kojoj su predstavljene nagra\u0111ene sekcije tog doma na regionalnim i nacionalnim takmi\u010denjima. Od 103 u\u010denika, \u010dak 66 je nagra\u0111eno na Domijadama. Prose\u010dna ocena uspeha u\u010denika pro\u0161le godine bila je 4,51, a na polugoi\u0161tu ove 4,11. Prisutnima se obratila direktorka Tanja Milojevi\u0107.<\/p>\n<div id='gallery-1' class='gallery galleryid-17735 gallery-columns-5 gallery-size-thumbnail'><figure class='gallery-item'>\n\t\t\t<div class='gallery-icon landscape'>\n\t\t\t\t<a href='https:\/\/centralmedia.rs\/index.php\/2019\/05\/17\/zavrsna-priredba-doma-ucenika-srecno-u-cupriji\/srecno-5\/'><img loading=\"lazy\" decoding=\"async\" width=\"150\" height=\"150\" src=\"https:\/\/centralmedia.rs\/wp-content\/uploads\/2019\/05\/srecno-5-150x150.jpg\" class=\"attachment-thumbnail size-thumbnail\" alt=\"\" \/><\/a>\n\t\t\t<\/div><\/figure><figure class='gallery-item'>\n\t\t\t<div class='gallery-icon landscape'>\n\t\t\t\t<a href='https:\/\/centralmedia.rs\/index.php\/2019\/05\/17\/zavrsna-priredba-doma-ucenika-srecno-u-cupriji\/srecno\/'><img loading=\"lazy\" decoding=\"async\" width=\"150\" height=\"150\" src=\"https:\/\/centralmedia.rs\/wp-content\/uploads\/2019\/05\/srecno-150x150.jpg\" class=\"attachment-thumbnail size-thumbnail\" alt=\"\" \/><\/a>\n\t\t\t<\/div><\/figure><figure class='gallery-item'>\n\t\t\t<div class='gallery-icon landscape'>\n\t\t\t\t<a href='https:\/\/centralmedia.rs\/index.php\/2019\/05\/17\/zavrsna-priredba-doma-ucenika-srecno-u-cupriji\/srecno2\/'><img loading=\"lazy\" decoding=\"async\" width=\"150\" height=\"150\" src=\"https:\/\/centralmedia.rs\/wp-content\/uploads\/2019\/05\/srecno2-150x150.jpg\" class=\"attachment-thumbnail size-thumbnail\" alt=\"\" \/><\/a>\n\t\t\t<\/div><\/figure><figure class='gallery-item'>\n\t\t\t<div class='gallery-icon landscape'>\n\t\t\t\t<a href='https:\/\/centralmedia.rs\/index.php\/2019\/05\/17\/zavrsna-priredba-doma-ucenika-srecno-u-cupriji\/srecno3\/'><img loading=\"lazy\" decoding=\"async\" width=\"150\" height=\"150\" src=\"https:\/\/centralmedia.rs\/wp-content\/uploads\/2019\/05\/srecno3-150x150.jpg\" class=\"attachment-thumbnail size-thumbnail\" alt=\"\" \/><\/a>\n\t\t\t<\/div><\/figure><figure class='gallery-item'>\n\t\t\t<div class='gallery-icon landscape'>\n\t\t\t\t<a href='https:\/\/centralmedia.rs\/index.php\/2019\/05\/17\/zavrsna-priredba-doma-ucenika-srecno-u-cupriji\/srecno4\/'><img loading=\"lazy\" decoding=\"async\" width=\"150\" height=\"150\" src=\"https:\/\/centralmedia.rs\/wp-content\/uploads\/2019\/05\/srecno4-150x150.jpg\" class=\"attachment-thumbnail size-thumbnail\" alt=\"\" \/><\/a>\n\t\t\t<\/div><\/figure>\n\t\t<\/div>\n\n<p>&#8211; Pozdravljam vas u ime u\u010denika i svih zaposlenih u Domu u\u010denika srednjih \u0161kola &#8220;Sre\u0107no&#8221;. Na\u0161 dom spada u manje domove u Republici Srbiji, ali po na\u010dinu rada i uslovima koje pru\u017ea deci mo\u017ee se svrstati u red boljih, da ne ka\u017eem najboljih. Sigurnost, bezbednost, uspe\u0161nost i zadovoljstvo na\u0161ih korisnika su imperativ za sve zaposlene u Domu. Svaki segment na\u0161eg rada je detaljno razmotren, osmi\u0161ljen i realizovan.<\/p>\n<p>U\u010denje, adaptacija, socijalizacija, kao i organizacija slobodnog vremena su segmenti kojima posve\u0107ujemo najve\u0107u pa\u017enju.<\/p>\n<p>Uspeh u\u010denika na kraju prvog polugodi\u0161ta bio je 4,11. Disciplinskih postupaka gotovo da\u00a0 nije bilo. Uspesi na regionalnim takmi\u010denjima domova omogu\u0107ili su nam u\u010de\u0161\u0107e na republi\u010dkom nivou, bilo da se radi o sportu ili kulturno-umetni\u010dkom stvarala\u0161tvu.<\/p>\n<p>Tamo nas je predstavljalo devetoro u\u010denika od kojih je \u010detvoro osvojilo drugo a troje tre\u0107e mesto. Svi u\u010denici su nagra\u0111eni ekskurzijom, a dobi\u0107e i prigodne poklone kao i nagradne poene koji \u0107e im zna\u010diti pri upisu naredne godine.<\/p>\n<p>Samo spokojan roditelj poveri\u0107e nam svoje najdra\u017ee, decu. Za\u0161to? Zato \u0161to na pravi na\u010din brinemo o njima.<\/p>\n<p>Vaspita\u010di su 24 \u010dasa dostuni deci. Sistemom tehni\u010dke za\u0161tite obezbe\u0111en je nadzor celokupnog prostora doma.<\/p>\n<p>S ciljem pove\u0107anja bezbednosti na\u0161 Dom je po\u010deo sa \u0161irom primenom domskih kartica, ne samo za kori\u0161\u0107enje obroka, ve\u0107 i za ulazak u Dom. Ovaj sistem omogu\u0107ava isklju\u010divo u\u010denicima i radnicima Doma da uz pomo\u0107 li\u010dne identifikacije nesmetano pristupe Domu, dok svi ostali moraju da najave svoj ulazak zvonom i pro\u0111u kontrolu radnika obezbe\u0111enja. Na taj na\u010din \u00a0omogu\u0107en je vi\u0161i nivo bezbednosti u\u010denika, radnika i imovine, a jasna slika o boravku svih lica u ustanovi otvara mogu\u0107nost daljem osavremenjivanju koje nas \u010deka u narednom periodu.<\/p>\n<p>Veliku pa\u017enju posve\u0107ujemo higijeni i estetskom ure\u0111enju prostora. Kompletno smo renovirali u\u010dionice, a jedna je postala i multimedijalna. Nove stolove i kompjutere dobile su internet sala i biblioteka. Pristup internetu mogu\u0107 je u celom Domu. Radovima u\u010denika oplemenjen je enterijer na\u0161eg doma.<\/p>\n<p>Uslugu ishrane pru\u017eamo studentima Visoke medicinske \u0161kole. Ishrana je raznovrsna, prilago\u0111ena uzrastu i u skladu sa Pravilnikom o standardima kvaliteta ishrane u\u010denika i studenata. Laboratorijske kontrole zdravstvene ispravnosti vr\u0161i Zavod za javno zdravlje \u0106uprija. \u00a0U izradu jelovnika uklju\u010deni su, pored kuvara, vaspita\u010di, a i sami u\u010denici.<\/p>\n<p>Dom poseduje elektronski sistem za naru\u010divanje obroka. Na\u0161i u\u010denici vr\u0161e izbor obroka iz ponude aktuelnog jelovnika pa tokom nedelje konzumiraju obroke koje su sami odabrali. Moramo se pohvaliti da je ovo usluga koju svojim korisnicima pru\u017ea veoma mali broj domova u Srbiji, i na tu \u010dinjenicu smo veoma ponosni. Kuhinjski blok smo pregradnim zidom odvojili od trpezarijskog dela, \u010dime su se stvorili uslovi da se koristi za druge aktivnosti.<\/p>\n<p>Uspe\u0161no smo izvr\u0161ili postupak resertifikacije, tako da posedujemo dva Sertifikata o usagla\u0161enosti. Prvi reguli\u0161e rad po najnovijoj verziji standarda ISO 9001:2015 u oblasti pru\u017eanja usluga ishrane, sme\u0161taja i vaspitnog rada za u\u010denike srednjih \u0161kola. Drugi Sertifikat odnosi se na pru\u017eanje usluga ishrane u\u010denicima usagla\u0161enim sa zahtevima HACCP principa. Na ovaj na\u010din Dom na najvi\u0161u lestvicu podi\u017ee nivo usluga koje pru\u017ea svojim korisnicima.<\/p>\n<p>Na\u0161 cilj je ja\u010de povezivanje sa lokalnom zajednicom. Organizujemo\u00a0 Dan otvorenih vrata, \u00a0filmske ve\u010deri i tribine. Ponosni smo na \u00a0izlo\u017ebu radova u\u010denika kreativne sekcije kao i ve\u010dera\u0161nju priredbu.<\/p>\n<p>Sara\u0111ujemo sa svim domovima u Srbiji a i sa svim vaspitno-obrazovnim, kulturnim, sportskim i zdravstvenim ustanovama u gradu.<\/p>\n<p>Posebnu zahvalnost za veoma uspe\u0161nu saradnju i nesebi\u010dnu pomo\u0107 dugujemo Novaku Novakovi\u0107u, direktoru muzeja Horeum Margi Ravno, koga pozivam da primi skromni poklon.<\/p>\n<p>Na\u0161e aktivnosti mo\u017eete pratiti na sajtu doma koji je dobio novi izgled i danas ga zvani\u010dno predstavljamo javnosti. Na\u0161a adresa je www.dus.rs<\/p>\n<p>Dom u\u010denika srednjih \u0161kola \u201cSre\u0107no\u201d nastavlja da se razvija i primenjuje najnovije standarde u svim oblastima svoga rada, zaklju\u010dila je Tanja Milojevi\u0107.<\/p>\n","protected":false},"excerpt":{"rendered":"<p>\u0106UPRIJA- U\u010denici Doma ,,Sre\u0107no&#8221; u \u0106upriji priredili su nezaboravno ve\u010de na Zavr\u0161noj priredbi na kojoj su predstavljene nagra\u0111ene sekcije tog doma na regionalnim i nacionalnim &hellip; <\/p>\n","protected":false},"author":2,"featured_media":17736,"comment_status":"open","ping_status":"open","sticky":false,"template":"","format":"standard","meta":{"footnotes":""},"categories":[1515,1524,2,15,887,12],"tags":[44,1484],"_links":{"self":[{"href":"https:\/\/centralmedia.rs\/index.php\/wp-json\/wp\/v2\/posts\/17735"}],"collection":[{"href":"https:\/\/centralmedia.rs\/index.php\/wp-json\/wp\/v2\/posts"}],"about":[{"href":"https:\/\/centralmedia.rs\/index.php\/wp-json\/wp\/v2\/types\/post"}],"author":[{"embeddable":true,"href":"https:\/\/centralmedia.rs\/index.php\/wp-json\/wp\/v2\/users\/2"}],"replies":[{"embeddable":true,"href":"https:\/\/centralmedia.rs\/index.php\/wp-json\/wp\/v2\/comments?post=17735"}],"version-history":[{"count":1,"href":"https:\/\/centralmedia.rs\/index.php\/wp-json\/wp\/v2\/posts\/17735\/revisions"}],"predecessor-version":[{"id":17742,"href":"https:\/\/centralmedia.rs\/index.php\/wp-json\/wp\/v2\/posts\/17735\/revisions\/17742"}],"wp:featuredmedia":[{"embeddable":true,"href":"https:\/\/centralmedia.rs\/index.php\/wp-json\/wp\/v2\/media\/17736"}],"wp:attachment":[{"href":"https:\/\/centralmedia.rs\/index.php\/wp-json\/wp\/v2\/media?parent=17735"}],"wp:term":[{"taxonomy":"category","embeddable":true,"href":"https:\/\/centralmedia.rs\/index.php\/wp-json\/wp\/v2\/categories?post=17735"},{"taxonomy":"post_tag","embeddable":true,"href":"https:\/\/centralmedia.rs\/index.php\/wp-json\/wp\/v2\/tags?post=17735"}],"curies":[{"name":"wp","href":"https:\/\/api.w.org\/{rel}","templated":true}]}}