{"id":17743,"date":"2019-05-17T09:18:34","date_gmt":"2019-05-17T09:18:34","guid":{"rendered":"http:\/\/centralmedia.rs\/?p=17743"},"modified":"2019-05-19T12:43:53","modified_gmt":"2019-05-19T12:43:53","slug":"opstinsko-vece-paracina-uputilo-je-dopis-direktoru-rmu-rembas-zoranu-aksentijevicu-najavljeno-podnosenje-prijava-zbog-zloupotrebe-zaposlenih-u-politicke-svrhe","status":"publish","type":"post","link":"https:\/\/centralmedia.rs\/index.php\/2019\/05\/17\/opstinsko-vece-paracina-uputilo-je-dopis-direktoru-rmu-rembas-zoranu-aksentijevicu-najavljeno-podnosenje-prijava-zbog-zloupotrebe-zaposlenih-u-politicke-svrhe\/","title":{"rendered":"OP\u0160TINSKO VE\u0106E PARA\u0106INA UPUTILO JE DOPIS DIREKTORU RMU &#8221;REMBAS&#8221; Zoranu Aksentijevi\u0107u &#8211; Najavljeno podno\u0161enje prijava zbog zloupotrebe zaposlenih u politi\u010dke svrhe"},"content":{"rendered":"<p>PARA\u0106IN-\u00a0 U prilogu dopisa, dostavljamo Vam, Zaklju\u010dak Op\u0161tinskog ve\u0107a Op\u0161tine Para\u0107in br.06-93\/2019-III\u00a0 od 13.05.2019. godine kojim se podnosi krivi\u010dna prijava zbog osnovane sumnje da je neko od rukovode\u0107ih lica u RMU &#8221;Rembas&#8221; Resavica Despotovac dana 13.05.2019.godine zloupotrebio svoj polo\u017eaj.<\/p>\n<p>U medijima su objavljeni snimci kori\u0161\u0107enja autobusa &#8220;Rembas&#8221;-a za dovo\u017eenje radnika koji su kasnije autobusima privatnog preduze\u0107a preve\u017eeni na javni skup Srpske napredne stranke u Para\u0107in, snimke sa kojih se mo\u017ee identifikovati ko je sve od zaposlenih u &#8220;Rembas&#8221;-u u radno vreme do\u0161ao na javni skup u organizaciji Srpske napredne stranke u Para\u0107inu. Iz ovih dokaza mo\u017eete ustanoviti:<\/p>\n<p>1.Ko je naredio i organizovao da se za potrebe protesta Srpske napredne stranke u Para\u0107inu korste autobusi &#8220;Rembas&#8221;-a za prikupljanje radnika koji \u0107e do\u0107i na protest.<\/p>\n<p>2. Ko je sve od zaposlenih u radno vreme, prema na\u0161im nezvani\u010dnim saznanjima bez evidentiranja da su napustili radno mesto, u\u010destvovao u javnom skupu Srpske napredne stranke u Para\u0107inu, a da je kako je ve\u0107 re\u010deno u isto vreme boravio &#8220;na radnom mestu&#8221; u &#8220;Rembas&#8221;-u.<\/p>\n<p>Verujemo da Vam je jasno da u ovom slu\u010daju postoji ozbiljna sumnja da su kori\u0161\u0107enjem resursa &#8220;Rembas&#8221;-a u partijske svrhe i propu\u0161tanjem da se evidentira odlazak sa posla zaposlenih koji su u\u010destvovali u javnom skupu u\u010dinjena krivi\u010dna dela i prekr\u0161eni zakoni koji se odnose na finansiranje politi\u010dkih aktivnosti.<\/p>\n<p>Postoji i ozbiljna sumnja da su neki od zaposlenih na javni skup upu\u0107eni pod pretnjom od strane NN lica da \u0107e izgubiti ugovore o anga\u017eovanju na odre\u0111eno vreme i po privremenim i povremenim poslovima, \u010dime su ponovo na\u010dinjena krivi\u010dna dela koja se gone po slu\u017ebenoj du\u017enosti.<\/p>\n<p>O\u010dekujemo da iz Va\u0161e nadle\u017enosti preduzmete sve potrebne mere, ustanovite odgovornost i sami podnesete prijave protiv lica za koja se poka\u017ee da su u ovom slu\u010daju kr\u0161ila propise.<\/p>\n<p>Op\u0161tina Para\u0107in \u0107e u svakom slu\u010daju samostalno podneti prijave nadle\u017enim dr\u017eavnim organima zbog ozbiljne sumnje da je u ovom slu\u010daju do\u0161lo do kr\u0161enja zakona.<\/p>\n","protected":false},"excerpt":{"rendered":"<p>PARA\u0106IN-\u00a0 U prilogu dopisa, dostavljamo Vam, Zaklju\u010dak Op\u0161tinskog ve\u0107a Op\u0161tine Para\u0107in br.06-93\/2019-III\u00a0 od 13.05.2019. godine kojim se podnosi krivi\u010dna prijava zbog osnovane sumnje da je &hellip; <\/p>\n","protected":false},"author":2,"featured_media":17744,"comment_status":"open","ping_status":"open","sticky":false,"template":"","format":"standard","meta":{"footnotes":""},"categories":[1524,2,1516,13,887,12],"tags":[3718,3719,652],"_links":{"self":[{"href":"https:\/\/centralmedia.rs\/index.php\/wp-json\/wp\/v2\/posts\/17743"}],"collection":[{"href":"https:\/\/centralmedia.rs\/index.php\/wp-json\/wp\/v2\/posts"}],"about":[{"href":"https:\/\/centralmedia.rs\/index.php\/wp-json\/wp\/v2\/types\/post"}],"author":[{"embeddable":true,"href":"https:\/\/centralmedia.rs\/index.php\/wp-json\/wp\/v2\/users\/2"}],"replies":[{"embeddable":true,"href":"https:\/\/centralmedia.rs\/index.php\/wp-json\/wp\/v2\/comments?post=17743"}],"version-history":[{"count":3,"href":"https:\/\/centralmedia.rs\/index.php\/wp-json\/wp\/v2\/posts\/17743\/revisions"}],"predecessor-version":[{"id":17750,"href":"https:\/\/centralmedia.rs\/index.php\/wp-json\/wp\/v2\/posts\/17743\/revisions\/17750"}],"wp:featuredmedia":[{"embeddable":true,"href":"https:\/\/centralmedia.rs\/index.php\/wp-json\/wp\/v2\/media\/17744"}],"wp:attachment":[{"href":"https:\/\/centralmedia.rs\/index.php\/wp-json\/wp\/v2\/media?parent=17743"}],"wp:term":[{"taxonomy":"category","embeddable":true,"href":"https:\/\/centralmedia.rs\/index.php\/wp-json\/wp\/v2\/categories?post=17743"},{"taxonomy":"post_tag","embeddable":true,"href":"https:\/\/centralmedia.rs\/index.php\/wp-json\/wp\/v2\/tags?post=17743"}],"curies":[{"name":"wp","href":"https:\/\/api.w.org\/{rel}","templated":true}]}}