{"id":17746,"date":"2019-05-17T09:23:08","date_gmt":"2019-05-17T09:23:08","guid":{"rendered":"http:\/\/centralmedia.rs\/?p=17746"},"modified":"2019-05-19T12:44:11","modified_gmt":"2019-05-19T12:44:11","slug":"opstina-svilajnac-apsolutni-sampion-novosadskog-sajma-u-govedarstvu","status":"publish","type":"post","link":"https:\/\/centralmedia.rs\/index.php\/2019\/05\/17\/opstina-svilajnac-apsolutni-sampion-novosadskog-sajma-u-govedarstvu\/","title":{"rendered":"OP\u0160TINA SVILAJNAC APSOLUTNI \u0160AMPION NOVOSADSKOG SAJMA U GOVEDARSTVU"},"content":{"rendered":"<p>SVILAJNAC- Na 86. Me\u0111unarodnom poljoprivrednom Sajmu u Novom Sadu op\u0161tini Svilajnac uru\u010den je danas pehar apsolutnog \u0161ampiona u govedarstvu, \u0161to je najve\u0107e sajamsko priznanje u ovoj oblasti, a op\u0161tina Svilajnac osvaja ga 4. put u poslednjih 10 godina.<\/p>\n<p>Apsolutni \u0161ampionski pehar primio je Predrag Milanovi\u0107, predsednik op\u0161tine Svilajnac i tom prilikom izjavio da se vrhunska goveda simentalske rase u Svilajncu gaje poslednjih 100 godina:<\/p>\n<p>\u201cSvilajnac ima dugu tradiciju govedarstva, na\u0161i sto\u010dari svake godine sve bolje rade svoj posao, op\u0161tina Svilajnac svojim merama za poljoprivredne proizvo\u0111a\u010de podsti\u010de njihov napredak i sve je to sada dalo rezultate. Ova priznanja dokaz su da stru\u010dna javnost Srbije, pa i \u0161ire, prepoznaje Svilajnac kao lidera u sto\u010darstvu\u201d.<\/p>\n<p>Osim toga, resavski farmeri tradicionalno su osvojili veliki broj priznanja i nagrada, pa je tako ove godine 6 izlaga\u010da osvojilo 9 priznanja. Apsolutna \u0161ampionka Novosadskog sajma u kategoriji junica je grlo Hana, vlasnika Dragana Todorovi\u0107a iz svilajna\u010dkog sela Dublje:<\/p>\n<p>\u201cSa jedne strane imamo podsticajne mere koje op\u0161tina daje poljoprivrednicima, kao \u0161to su beskamatni krediti, studijska putovanja, edukacija i sli\u010dno, a sa druge imamo dobre i vredne sto\u010dare i ta dva faktora su zaslu\u017ena za postizanje uspeha na sajmovima svake godine.\u201c \u2013 izjavio je Todorovi\u0107.<\/p>\n<p>Svilajn\u010dani su osvojili i jednu srebrnu i dve bronzane medalje za junice pratilje \u0161ampionke, 3 pehara Novosadskog sajma za kolekcije junica i plaketu za najlep\u0161u mladu kobilu Sajma.<\/p>\n<p>Op\u0161tina Svilajnac nagradila je sve svoje izlaga\u010de na ovogodi\u0161njem Sajmu sa po 30.000 dinara.<\/p>\n<p>Resavske sto\u010dare sada \u010deka Resavski poljoprivredni sajam 11. septembra , koji se odr\u017eava u Svilajncu svake godine i okuplja sve ve\u0107i broj izlaga\u010da iz Pomoravlja, Srbije, ali i regiona.<\/p>\n<p>&nbsp;<\/p>\n","protected":false},"excerpt":{"rendered":"<p>SVILAJNAC- Na 86. Me\u0111unarodnom poljoprivrednom Sajmu u Novom Sadu op\u0161tini Svilajnac uru\u010den je danas pehar apsolutnog \u0161ampiona u govedarstvu, \u0161to je najve\u0107e sajamsko priznanje u &hellip; <\/p>\n","protected":false},"author":2,"featured_media":17747,"comment_status":"open","ping_status":"open","sticky":false,"template":"","format":"standard","meta":{"footnotes":""},"categories":[22,1524,2,887,12,1517],"tags":[1948,1375,1944,563],"_links":{"self":[{"href":"https:\/\/centralmedia.rs\/index.php\/wp-json\/wp\/v2\/posts\/17746"}],"collection":[{"href":"https:\/\/centralmedia.rs\/index.php\/wp-json\/wp\/v2\/posts"}],"about":[{"href":"https:\/\/centralmedia.rs\/index.php\/wp-json\/wp\/v2\/types\/post"}],"author":[{"embeddable":true,"href":"https:\/\/centralmedia.rs\/index.php\/wp-json\/wp\/v2\/users\/2"}],"replies":[{"embeddable":true,"href":"https:\/\/centralmedia.rs\/index.php\/wp-json\/wp\/v2\/comments?post=17746"}],"version-history":[{"count":1,"href":"https:\/\/centralmedia.rs\/index.php\/wp-json\/wp\/v2\/posts\/17746\/revisions"}],"predecessor-version":[{"id":17748,"href":"https:\/\/centralmedia.rs\/index.php\/wp-json\/wp\/v2\/posts\/17746\/revisions\/17748"}],"wp:featuredmedia":[{"embeddable":true,"href":"https:\/\/centralmedia.rs\/index.php\/wp-json\/wp\/v2\/media\/17747"}],"wp:attachment":[{"href":"https:\/\/centralmedia.rs\/index.php\/wp-json\/wp\/v2\/media?parent=17746"}],"wp:term":[{"taxonomy":"category","embeddable":true,"href":"https:\/\/centralmedia.rs\/index.php\/wp-json\/wp\/v2\/categories?post=17746"},{"taxonomy":"post_tag","embeddable":true,"href":"https:\/\/centralmedia.rs\/index.php\/wp-json\/wp\/v2\/tags?post=17746"}],"curies":[{"name":"wp","href":"https:\/\/api.w.org\/{rel}","templated":true}]}}