{"id":17751,"date":"2019-05-17T09:32:42","date_gmt":"2019-05-17T09:32:42","guid":{"rendered":"http:\/\/centralmedia.rs\/?p=17751"},"modified":"2019-05-19T12:44:03","modified_gmt":"2019-05-19T12:44:03","slug":"palma-albanski-teroristi-bi-da-sude-to-je-isto-kao-kada-islamska-drzava-sudi-i-presuduje","status":"publish","type":"post","link":"https:\/\/centralmedia.rs\/index.php\/2019\/05\/17\/palma-albanski-teroristi-bi-da-sude-to-je-isto-kao-kada-islamska-drzava-sudi-i-presuduje\/","title":{"rendered":"PALMA : ALBANSKI TERORISTI BI DA SUDE \u2013 TO JE ISTO KAO KADA ISLAMSKA DR\u017dAVA SUDI I PRESU\u0110UJE"},"content":{"rendered":"<p style=\"font-weight: 400;\">\u201eRezolucija koju su usvojile vo\u0111e teroristi\u010dke OVK o navodnom genocidu srpskog re\u017eima na Kosovu i Metohiji tokom 1998. i 1999. godine je isto kao kada teroristi\u010dka Islamska dr\u017eava ili Al Kaida sude i odmah i presu\u0111uju drugim narodima. Podse\u0107am da su i Sjedinjene Ameri\u010dke Dr\u017eave 1998. godine stavile OVK na listu teroristi\u010dkih organizacija i od Amerike i ostalih tra\u017eimo da se prema OVK odnose kao i prema svim ostalim teroristi\u010dkim organizacijama. Vo\u0111e te teroristi\u010dke organizacije, Veselji, Ta\u010di i Haradinaj su, na predlog svojih sponzora, usvojile tu skandaloznu rezoluciju. Kadri Veselji je bio i jedan od komandanata teroristi\u010dke grupe \u201cCrna ruka\u201d zajedno sa Ha\u0161imom Ta\u010dijem i D\u017eavidom Haljitijem koja je odgovorna za kidnapovanje i ubistva Srba i \u201cneposlu\u0161nih\u201d Albanaca, a bio je i ostao \u0161ef tajne slu\u017ebe OVK pod nazivom \u0160IK. To znaju i svi Albanci, a posebno oni \u010dije je najbli\u017ee pobila ta slu\u017eba\u201d, izjavio je predsednik Jedinstvene Srbije Dragan Markovi\u0107 Palma.<\/p>\n<p style=\"font-weight: 400;\">\u201cGenocid je po definiciji me\u0111unarodni zlo\u010din namernog potpunog ili delimi\u010dnog uni\u0161tavanja nacionalnih, etni\u010dkih, rasnih i religijskih grupa. \u201eMoje pitanje za Skup\u0161tinu Kosova, a pre svega za me\u0111unarodnu zajednicu je, kada ve\u0107 pominju re\u010d genocid, gde su Srbi iz Pri\u0161tine kojih je u tom gradu pre rata bilo oko 40 000, a danas. slovom i brojem oko 100? Gde su Srbi iz \u0110akovice gde ih je pre rata \u017eivelo 12 500, a danas samo dve starice u pravoslavnoj crkvi? Gde su Srbi iz Pe\u0107i kojih je u glavnom gradu Metohije \u017eivelo oko 18 000, a danas slovom i brojem 11? Gde su Srbi u Gnjilanu gde ih je pre rata \u017eivelo 15 000, a danas slovom i brojem 50? Gde su Srbi iz Prizrena, kojih je u tom carskom gradu pre rata bilo oko 10 000, a danas slovom i brojem 20? Ko je ubio oko 2000 Srba na Kosovu i Metohiji od 1998. godine? Ko je kidnapovao oko 1500 Srba 1998. i 1999. godine i gde su? Ko je trgovao ljudskim organima nakon masakra vr\u0161enih u takozvanoj \u017dutoj ku\u0107i u Albaniji? Ko je streljao decu u Gora\u017edevcu, ko je pobio \u017eeteoce u Starom Gracku, ko je podmetnuo bombu pod autobus Ni\u0161 ekspresa kod Podujeva, ko je pobio ljude i bacio u Radonji\u0107ko jezero, ko je pobio ljude u Obili\u0107u, Orahovcu, \u0110akovici, De\u010danima\u2026? Ko je palio crkve i uni\u0161tavao imovinu jednog naroda i na kraju proterao 250 000 Srba? Kako se to zove kada jedan narod ili pobijete ili proterate? Kako to da danas Srba ima 250 000 manje na Kosovu i Metohiji, a Albanaca vi\u0161e nego \u0161to ih je bilo 1998. godine To su pre svega pitanja za EULEX, UNMIK, KFOR i Me\u0111unarodni sud pravde\u201d, poru\u010dio je Markovi\u0107.<\/p>\n","protected":false},"excerpt":{"rendered":"<p>\u201eRezolucija koju su usvojile vo\u0111e teroristi\u010dke OVK o navodnom genocidu srpskog re\u017eima na Kosovu i Metohiji tokom 1998. i 1999. godine je isto kao kada &hellip; <\/p>\n","protected":false},"author":2,"featured_media":16269,"comment_status":"open","ping_status":"open","sticky":false,"template":"","format":"standard","meta":{"footnotes":""},"categories":[1524,2,1514,13,12],"tags":[3720,120,3721],"_links":{"self":[{"href":"https:\/\/centralmedia.rs\/index.php\/wp-json\/wp\/v2\/posts\/17751"}],"collection":[{"href":"https:\/\/centralmedia.rs\/index.php\/wp-json\/wp\/v2\/posts"}],"about":[{"href":"https:\/\/centralmedia.rs\/index.php\/wp-json\/wp\/v2\/types\/post"}],"author":[{"embeddable":true,"href":"https:\/\/centralmedia.rs\/index.php\/wp-json\/wp\/v2\/users\/2"}],"replies":[{"embeddable":true,"href":"https:\/\/centralmedia.rs\/index.php\/wp-json\/wp\/v2\/comments?post=17751"}],"version-history":[{"count":2,"href":"https:\/\/centralmedia.rs\/index.php\/wp-json\/wp\/v2\/posts\/17751\/revisions"}],"predecessor-version":[{"id":17753,"href":"https:\/\/centralmedia.rs\/index.php\/wp-json\/wp\/v2\/posts\/17751\/revisions\/17753"}],"wp:featuredmedia":[{"embeddable":true,"href":"https:\/\/centralmedia.rs\/index.php\/wp-json\/wp\/v2\/media\/16269"}],"wp:attachment":[{"href":"https:\/\/centralmedia.rs\/index.php\/wp-json\/wp\/v2\/media?parent=17751"}],"wp:term":[{"taxonomy":"category","embeddable":true,"href":"https:\/\/centralmedia.rs\/index.php\/wp-json\/wp\/v2\/categories?post=17751"},{"taxonomy":"post_tag","embeddable":true,"href":"https:\/\/centralmedia.rs\/index.php\/wp-json\/wp\/v2\/tags?post=17751"}],"curies":[{"name":"wp","href":"https:\/\/api.w.org\/{rel}","templated":true}]}}