{"id":17756,"date":"2019-05-17T15:22:43","date_gmt":"2019-05-17T15:22:43","guid":{"rendered":"http:\/\/centralmedia.rs\/?p=17756"},"modified":"2019-05-19T12:44:21","modified_gmt":"2019-05-19T12:44:21","slug":"problemi-sa-vodosnabdevanjem-u-paracinu-i-cuprji","status":"publish","type":"post","link":"https:\/\/centralmedia.rs\/index.php\/2019\/05\/17\/problemi-sa-vodosnabdevanjem-u-paracinu-i-cuprji\/","title":{"rendered":"PROBLEMI SA VODOSNABDEVANJEM U PARA\u0106INU I \u0106UPRIJI"},"content":{"rendered":"<p>Para\u0107in- Zbog zamu\u0107enja vode problemi u snabdevanju u Para\u0107inu i \u0106upriji. Vodovod u Para\u0107inu obavestio je da je danas do\u0161lo do zamu\u0107enja vode na vrelu \u00bbSveta Petka\u00ab u selu Izvor iz koga se javni vodovod snabdeva vodom, a zbog intenzivnih padavina. Voda se neprekidno dezinfikuje hlorom i svakodnevno kontroli\u0161e u ZZJZ \u0106uprija, \u00bbPomoravlje\u00ab \u0106uprija.<br \/>\nPrvi rezultati ukazuju na pove\u0107an stepen mutno\u0107e vode dok ostali parametri o kvalitetu vode za pi\u0107e odgovaraju propisima.<br \/>\nVODA IZ JAVNOG VODOVODA NIJE ZA PI\u0106E I PRIPREMU NAMIRNICA.<br \/>\nO promenama kvaliteta vode izve\u0161tava\u0107emo vas redovno kao i o nastalim promenama.<\/p>\n<p>Cisterne sa zdravstveno ispravnom vodom za pi\u0107e bi\u0107e locirane na slede\u0107im mestima od 8 \u2013 20 \u010dasova:<br \/>\n&#8211; kod Hale sportova \u00bb7. juli\u00ab<br \/>\n&#8211; kod Crkve<br \/>\n&#8211; kod \u0161kole \u00bbRadoje Domanovi\u0107\u00ab<\/p>\n<p>&#8211; I cisterna<br \/>\n&#8211; Glavica 8:15 &#8211; 8:45<br \/>\n&#8211; Davidovac 9:00 \u2013 9:30<br \/>\n&#8211; Bo\u0161njane 9:45 &#8211; 10:15<br \/>\n&#8211; Popovac 10:15 \u2013 10:45<br \/>\n&#8211; Stubica 11:15 &#8211; 11:45<br \/>\n&#8211; Kolonija 12:00 \u2013 12:15<br \/>\n&#8211; Zabrega 12:30 \u2013 13:00<br \/>\n&#8211; Buljane 13:30 &#8211; 14:00<br \/>\n&#8211; \u0160aludovac 14:15 &#8211; 14:45<br \/>\n&#8211; Gornja Mutnica 15:00 \u2013 15:30<br \/>\n&#8211; Izvor 15:45 \u2013 16:15<br \/>\n&#8211; Kla\u010devica 16:30 \u2013 17:00<br \/>\n&#8211; Donja Mutnica 17:15 &#8211; 17:45<br \/>\n&#8211; Plana 18:15 \u2013 18:45<br \/>\n&#8211; Kre\u017ebinac 18:45 \u2013 19:45<\/p>\n<p>&#8211; II cisterna<br \/>\n&#8211; Stri\u017ea 8:00 &#8211; 8:30<br \/>\n&#8211; Donje Vidovo 8:45 &#8211; 9:15<br \/>\n&#8211; Tekija 9:45 \u2013 10:15<br \/>\n&#8211; Kara\u0111or\u0111evo b. 10.30 \u2013 11:00<br \/>\n&#8211; Dankovo 11:15 \u2013 11:45<br \/>\n&#8211; \u010cepure 12:00 \u2013 12:30<br \/>\n&#8211; \u0160avac 12:45 \u2013 13:15<br \/>\n&#8211; MZ Glo\u017edak 13:30 \u2013 20:00<\/p>\n<p>&nbsp;<\/p>\n","protected":false},"excerpt":{"rendered":"<p>Para\u0107in- Zbog zamu\u0107enja vode problemi u snabdevanju u Para\u0107inu i \u0106upriji. Vodovod u Para\u0107inu obavestio je da je danas do\u0161lo do zamu\u0107enja vode na vrelu &hellip; <\/p>\n","protected":false},"author":2,"featured_media":15022,"comment_status":"open","ping_status":"open","sticky":false,"template":"","format":"standard","meta":{"footnotes":""},"categories":[1515,1524,2,1516,887,16,12],"tags":[44,156,1122],"_links":{"self":[{"href":"https:\/\/centralmedia.rs\/index.php\/wp-json\/wp\/v2\/posts\/17756"}],"collection":[{"href":"https:\/\/centralmedia.rs\/index.php\/wp-json\/wp\/v2\/posts"}],"about":[{"href":"https:\/\/centralmedia.rs\/index.php\/wp-json\/wp\/v2\/types\/post"}],"author":[{"embeddable":true,"href":"https:\/\/centralmedia.rs\/index.php\/wp-json\/wp\/v2\/users\/2"}],"replies":[{"embeddable":true,"href":"https:\/\/centralmedia.rs\/index.php\/wp-json\/wp\/v2\/comments?post=17756"}],"version-history":[{"count":2,"href":"https:\/\/centralmedia.rs\/index.php\/wp-json\/wp\/v2\/posts\/17756\/revisions"}],"predecessor-version":[{"id":17758,"href":"https:\/\/centralmedia.rs\/index.php\/wp-json\/wp\/v2\/posts\/17756\/revisions\/17758"}],"wp:featuredmedia":[{"embeddable":true,"href":"https:\/\/centralmedia.rs\/index.php\/wp-json\/wp\/v2\/media\/15022"}],"wp:attachment":[{"href":"https:\/\/centralmedia.rs\/index.php\/wp-json\/wp\/v2\/media?parent=17756"}],"wp:term":[{"taxonomy":"category","embeddable":true,"href":"https:\/\/centralmedia.rs\/index.php\/wp-json\/wp\/v2\/categories?post=17756"},{"taxonomy":"post_tag","embeddable":true,"href":"https:\/\/centralmedia.rs\/index.php\/wp-json\/wp\/v2\/tags?post=17756"}],"curies":[{"name":"wp","href":"https:\/\/api.w.org\/{rel}","templated":true}]}}