{"id":17773,"date":"2019-05-17T19:45:06","date_gmt":"2019-05-17T19:45:06","guid":{"rendered":"http:\/\/centralmedia.rs\/?p=17773"},"modified":"2019-05-20T14:47:58","modified_gmt":"2019-05-20T14:47:58","slug":"milan-miljus-najavljuje-strajk-gladu-ispred-suda-u-beogradu-dva-puta-razveden-brak-u-srbiji-i-svajcarskoj","status":"publish","type":"post","link":"https:\/\/centralmedia.rs\/index.php\/2019\/05\/17\/milan-miljus-najavljuje-strajk-gladu-ispred-suda-u-beogradu-dva-puta-razveden-brak-u-srbiji-i-svajcarskoj\/","title":{"rendered":"MILAN MILJU\u0160 NAJAVLJUJE \u0160TRAJK GLA\u0110U ISPRED SUDA U BEOGRADU &#8211; DVA PUTA RAZVEDEN BRAK U SRBIJI I \u0160VAJCARSKOJ"},"content":{"rendered":"<p>PARA\u0106IN- Milan Milju\u0161 iz Drenovca kod Para\u0107ina dva puta je razveden u Srbiji i \u0160vajcarskoj, najavio je po\u010detak \u0161trajka gla\u0111u ispred suda u Timo\u010dkoj u Beogradu do odba\u010daja re\u0161enja o razvodu iz \u0160vajcarske. Predhodno su sudovi u Beogradu i Para\u0107inu priznali razvod iz \u0160vajcarske, iako je brak prvo razveden u Srbiji doma\u0107i sudovi to nisu proveravali, ve\u0107 su doneli re\u0161enje o izvr\u0161enju na 100 hiljada \u0161vajcarskih franaka na teret Milju\u0161a. Njemu je plenjena imovina i blokirani su mu ra\u010duni. Kada je Vrhovni sud Srbije zauzeo stav da je iskulju\u010divo nadle\u017ean sud u Srbiji. Sud u Srbiji je ekspesno doneo re\u0161enje o stavljanju van snage re\u0161enja o priznavanju razvoda iz \u0160vajcarske, odnosno poni\u0161teno je re\u0161enje o pravosna\u017enosti i izvr\u0161nosti, ali nije poni\u0161teno re\u0161enje o razvodu. Re\u010d je o sudiji Momiri Gruj\u010di\u0107.<\/p>\n<p>&#8211; Pravde nema i svim institucijama najavljujem da zapo\u010dinjem \u0161trajk gla\u0111u zbog gre\u0161ke suda u Timo\u010dkoj u Beogradu. Na moju \u0161tetu je sve ura\u0111eno i sumnjam da su svi u dosluhu. Posle razvoda se lo\u0161e ose\u0107am, jer mi je taj brak doneo mnogo problema. Brakorazvodna parnica traje od 2009. godine. \u00a0Da \u0160vajcarci nisu prekr\u0161ili me\u0111unarodne zakone ne bi bilo problema. Sada smo zatra\u017eili da \u0160vajcarci priznaju razvod braka u Srbiji, ali oni izbegavaju da to urade, ka\u017ee Milju\u0161.<\/p>\n<p>Posle razvoda u Srbiji, Milanova biv\u0161a supruga je pokrenula brakorazvodnu parnicu u \u0160vajcarskoj i dobila presudu da se isti brak ponovo razvodi.<\/p>\n<p>&#8211; Samo je poni\u0161tena kaluzula o pravosna\u017enosti i izvr\u0161nosti, a re\u0161enje stoji kao ma\u010d nad glavom Milanu. Pro\u0161lo je godinu dana, ali sud ne re\u0161ava ni\u0161ta. Ne treba da budete pravnik pa da se zna da se brak ne mo\u017ee razvesti u dve dr\u017eave. Kod statusnih stvari iskulju\u010divo je nadle\u017ean domicilni sud, zna\u010d sud u Srbiji jer je ovde i sklopljen brak. Ljudi koji primenjuju pravo su se poigrali sa Milanom, ne mo\u017ee da ostvari svoja osnovna prava i trpi posledice, isti\u010de Milanov pravi zastupnik Nenad Sad\u017eakovi\u0107, koji je preduzeo naredni korak i uputio zahtev Sudu za za\u0161titu ljudskih prava u Strazburu.<\/p>\n","protected":false},"excerpt":{"rendered":"<p>PARA\u0106IN- Milan Milju\u0161 iz Drenovca kod Para\u0107ina dva puta je razveden u Srbiji i \u0160vajcarskoj, najavio je po\u010detak \u0161trajka gla\u0111u ispred suda u Timo\u010dkoj u &hellip; <\/p>\n","protected":false},"author":2,"featured_media":17774,"comment_status":"open","ping_status":"open","sticky":false,"template":"","format":"standard","meta":{"footnotes":""},"categories":[14,1524,2,1516,887,12],"tags":[104,3723,1112,410,3333],"_links":{"self":[{"href":"https:\/\/centralmedia.rs\/index.php\/wp-json\/wp\/v2\/posts\/17773"}],"collection":[{"href":"https:\/\/centralmedia.rs\/index.php\/wp-json\/wp\/v2\/posts"}],"about":[{"href":"https:\/\/centralmedia.rs\/index.php\/wp-json\/wp\/v2\/types\/post"}],"author":[{"embeddable":true,"href":"https:\/\/centralmedia.rs\/index.php\/wp-json\/wp\/v2\/users\/2"}],"replies":[{"embeddable":true,"href":"https:\/\/centralmedia.rs\/index.php\/wp-json\/wp\/v2\/comments?post=17773"}],"version-history":[{"count":1,"href":"https:\/\/centralmedia.rs\/index.php\/wp-json\/wp\/v2\/posts\/17773\/revisions"}],"predecessor-version":[{"id":17775,"href":"https:\/\/centralmedia.rs\/index.php\/wp-json\/wp\/v2\/posts\/17773\/revisions\/17775"}],"wp:featuredmedia":[{"embeddable":true,"href":"https:\/\/centralmedia.rs\/index.php\/wp-json\/wp\/v2\/media\/17774"}],"wp:attachment":[{"href":"https:\/\/centralmedia.rs\/index.php\/wp-json\/wp\/v2\/media?parent=17773"}],"wp:term":[{"taxonomy":"category","embeddable":true,"href":"https:\/\/centralmedia.rs\/index.php\/wp-json\/wp\/v2\/categories?post=17773"},{"taxonomy":"post_tag","embeddable":true,"href":"https:\/\/centralmedia.rs\/index.php\/wp-json\/wp\/v2\/tags?post=17773"}],"curies":[{"name":"wp","href":"https:\/\/api.w.org\/{rel}","templated":true}]}}