{"id":17776,"date":"2019-05-18T12:06:29","date_gmt":"2019-05-18T12:06:29","guid":{"rendered":"http:\/\/centralmedia.rs\/?p=17776"},"modified":"2019-05-20T14:48:09","modified_gmt":"2019-05-20T14:48:09","slug":"veliki-regionalni-sajam-zaposljavanja-u-svilajncu-milanovic-u-svilajncu-vise-radnih-mesta-nego-radnika","status":"publish","type":"post","link":"https:\/\/centralmedia.rs\/index.php\/2019\/05\/18\/veliki-regionalni-sajam-zaposljavanja-u-svilajncu-milanovic-u-svilajncu-vise-radnih-mesta-nego-radnika\/","title":{"rendered":"VELIKI REGIONALNI SAJAM ZAPO\u0160LjAVANjA U SVILAJNCU MILANOVI\u0106: U SVILAJNCU VI\u0160E RADNIH MESTA, NEGO RADNIKA"},"content":{"rendered":"<p>SVILAJNAC-\u00a0Nekoliko hiljada zainteresovanih radnika iz gradova u Pomoravlju i \u0160umadiji posetilo je danas \u00a0Veliki regionalni sajam zapo\u0161ljavanja u Svilajncu, koji je odr\u017ean u organizaciji Slobodne zone \u00a0u Sportskoj hali. Poslodavci iz preko 30 kompanija ponudili su 400 radnih mesta. Ariston potra\u017euje 100 radnika, Panasonic 50, Ho\u010devar 50, Alfa tehinics 50&#8230;<\/p>\n<div id='gallery-1' class='gallery galleryid-17776 gallery-columns-7 gallery-size-thumbnail'><figure class='gallery-item'>\n\t\t\t<div class='gallery-icon landscape'>\n\t\t\t\t<a href='https:\/\/centralmedia.rs\/index.php\/2019\/05\/18\/veliki-regionalni-sajam-zaposljavanja-u-svilajncu-milanovic-u-svilajncu-vise-radnih-mesta-nego-radnika\/sajam1\/'><img loading=\"lazy\" decoding=\"async\" width=\"150\" height=\"150\" src=\"https:\/\/centralmedia.rs\/wp-content\/uploads\/2019\/05\/sajam1-150x150.jpg\" class=\"attachment-thumbnail size-thumbnail\" alt=\"\" \/><\/a>\n\t\t\t<\/div><\/figure><figure class='gallery-item'>\n\t\t\t<div class='gallery-icon landscape'>\n\t\t\t\t<a href='https:\/\/centralmedia.rs\/index.php\/2019\/05\/18\/veliki-regionalni-sajam-zaposljavanja-u-svilajncu-milanovic-u-svilajncu-vise-radnih-mesta-nego-radnika\/sajam2\/'><img loading=\"lazy\" decoding=\"async\" width=\"150\" height=\"150\" src=\"https:\/\/centralmedia.rs\/wp-content\/uploads\/2019\/05\/sajam2-150x150.jpg\" class=\"attachment-thumbnail size-thumbnail\" alt=\"\" \/><\/a>\n\t\t\t<\/div><\/figure><figure class='gallery-item'>\n\t\t\t<div class='gallery-icon landscape'>\n\t\t\t\t<a href='https:\/\/centralmedia.rs\/index.php\/2019\/05\/18\/veliki-regionalni-sajam-zaposljavanja-u-svilajncu-milanovic-u-svilajncu-vise-radnih-mesta-nego-radnika\/sajam3\/'><img loading=\"lazy\" decoding=\"async\" width=\"150\" height=\"150\" src=\"https:\/\/centralmedia.rs\/wp-content\/uploads\/2019\/05\/sajam3-150x150.jpg\" class=\"attachment-thumbnail size-thumbnail\" alt=\"\" \/><\/a>\n\t\t\t<\/div><\/figure><figure class='gallery-item'>\n\t\t\t<div class='gallery-icon landscape'>\n\t\t\t\t<a href='https:\/\/centralmedia.rs\/index.php\/2019\/05\/18\/veliki-regionalni-sajam-zaposljavanja-u-svilajncu-milanovic-u-svilajncu-vise-radnih-mesta-nego-radnika\/sajam4\/'><img loading=\"lazy\" decoding=\"async\" width=\"150\" height=\"150\" src=\"https:\/\/centralmedia.rs\/wp-content\/uploads\/2019\/05\/sajam4-150x150.jpg\" class=\"attachment-thumbnail size-thumbnail\" alt=\"\" \/><\/a>\n\t\t\t<\/div><\/figure><figure class='gallery-item'>\n\t\t\t<div class='gallery-icon landscape'>\n\t\t\t\t<a href='https:\/\/centralmedia.rs\/index.php\/2019\/05\/18\/veliki-regionalni-sajam-zaposljavanja-u-svilajncu-milanovic-u-svilajncu-vise-radnih-mesta-nego-radnika\/sajam5\/'><img loading=\"lazy\" decoding=\"async\" width=\"150\" height=\"150\" src=\"https:\/\/centralmedia.rs\/wp-content\/uploads\/2019\/05\/sajam5-150x150.jpg\" class=\"attachment-thumbnail size-thumbnail\" alt=\"\" \/><\/a>\n\t\t\t<\/div><\/figure><figure class='gallery-item'>\n\t\t\t<div class='gallery-icon landscape'>\n\t\t\t\t<a href='https:\/\/centralmedia.rs\/index.php\/2019\/05\/18\/veliki-regionalni-sajam-zaposljavanja-u-svilajncu-milanovic-u-svilajncu-vise-radnih-mesta-nego-radnika\/sajam6\/'><img loading=\"lazy\" decoding=\"async\" width=\"150\" height=\"150\" src=\"https:\/\/centralmedia.rs\/wp-content\/uploads\/2019\/05\/sajam6-150x150.jpg\" class=\"attachment-thumbnail size-thumbnail\" alt=\"\" \/><\/a>\n\t\t\t<\/div><\/figure><figure class='gallery-item'>\n\t\t\t<div class='gallery-icon landscape'>\n\t\t\t\t<a href='https:\/\/centralmedia.rs\/index.php\/2019\/05\/18\/veliki-regionalni-sajam-zaposljavanja-u-svilajncu-milanovic-u-svilajncu-vise-radnih-mesta-nego-radnika\/sajam7\/'><img loading=\"lazy\" decoding=\"async\" width=\"150\" height=\"150\" src=\"https:\/\/centralmedia.rs\/wp-content\/uploads\/2019\/05\/sajam7-150x150.jpg\" class=\"attachment-thumbnail size-thumbnail\" alt=\"\" \/><\/a>\n\t\t\t<\/div><\/figure>\n\t\t<\/div>\n\n<p>&#8211; Na ovom projektu radimo i pripremamo dana\u0161nji dan ve\u0107 11 godina. Evo, posle 11 godina dogodilo se da u Svilajcnu imamo vi\u0161e radnih mesta nego zainteresovanih radnika sa teritorije Svilajnca. Zajedno sa mnogim ljudima u\u010destvovao sam u ovom projektu i nije bilo lako. Svilajnac je jedna od retkih op\u0161tina u Srbiji koja mo\u017ee da ka\u017ee da otvaramo vrata ljudima iz drugih op\u0161tina i ja ih pozivam da do\u0111u i na\u0111u posao. Mi mislimo da ne mo\u017eemo sami i to smo pokazali kada smo pozvali sve vas da do\u0111ete iz raznih zemalja i Srbije da do\u0111ete \u00a0ovde otvorite va\u0161e firme, a to pokazujemo i danas dane mo\u017eemo sami da razvijemo privredu bez radnika sa strane, rekao je predsednik op\u0161tine Predrag Milanovi\u0107 .<\/p>\n<p>Prethodnih godina op\u0161tina Svilajnac privukla je brojne investitore \u010dije je ulaganje u \u0161irenje proizvodnih kapaciteta omogu\u0107ilo i veliki broj slobodnih radnih mesta. Preduze\u0107ima su potrebni in\u017eenjeri elektronike, ma\u0161instva, prehrambene tehnologije, poljoprivrede, gra\u0111evinski in\u017eenjeri, ekonomisti, pravnici, gra\u0111evinski, ma\u0161inski tehni\u010dari, tehni\u010dari hortikulture, elektro-tehni\u010dari, bravari, zavariva\u010di, elektri\u010dari, vodoinstalateri, tapetari, farbari, stolari, komercijalisti, konobari, kuvari, \u0161ankeri i automehani\u010dari.<\/p>\n<p>Mogu\u0107nost zaposlenja su u nekom od stranih, doma\u0107ih, privatnih ili javnih preduze\u0107a: Panasonic, Alfa Technics, Union drvo, A&amp;D Wood, AD Vo\u0107ar, Jugometal, GS Evrometal, Ariston, Ma\u0161inac, Nova breza, Okto i mnogim drugim.<\/p>\n","protected":false},"excerpt":{"rendered":"<p>SVILAJNAC-\u00a0Nekoliko hiljada zainteresovanih radnika iz gradova u Pomoravlju i \u0160umadiji posetilo je danas \u00a0Veliki regionalni sajam zapo\u0161ljavanja u Svilajncu, koji je odr\u017ean u organizaciji Slobodne &hellip; <\/p>\n","protected":false},"author":2,"featured_media":17777,"comment_status":"open","ping_status":"open","sticky":false,"template":"","format":"standard","meta":{"footnotes":""},"categories":[22,1524,2,887,12,1517],"tags":[2038,38],"_links":{"self":[{"href":"https:\/\/centralmedia.rs\/index.php\/wp-json\/wp\/v2\/posts\/17776"}],"collection":[{"href":"https:\/\/centralmedia.rs\/index.php\/wp-json\/wp\/v2\/posts"}],"about":[{"href":"https:\/\/centralmedia.rs\/index.php\/wp-json\/wp\/v2\/types\/post"}],"author":[{"embeddable":true,"href":"https:\/\/centralmedia.rs\/index.php\/wp-json\/wp\/v2\/users\/2"}],"replies":[{"embeddable":true,"href":"https:\/\/centralmedia.rs\/index.php\/wp-json\/wp\/v2\/comments?post=17776"}],"version-history":[{"count":3,"href":"https:\/\/centralmedia.rs\/index.php\/wp-json\/wp\/v2\/posts\/17776\/revisions"}],"predecessor-version":[{"id":17786,"href":"https:\/\/centralmedia.rs\/index.php\/wp-json\/wp\/v2\/posts\/17776\/revisions\/17786"}],"wp:featuredmedia":[{"embeddable":true,"href":"https:\/\/centralmedia.rs\/index.php\/wp-json\/wp\/v2\/media\/17777"}],"wp:attachment":[{"href":"https:\/\/centralmedia.rs\/index.php\/wp-json\/wp\/v2\/media?parent=17776"}],"wp:term":[{"taxonomy":"category","embeddable":true,"href":"https:\/\/centralmedia.rs\/index.php\/wp-json\/wp\/v2\/categories?post=17776"},{"taxonomy":"post_tag","embeddable":true,"href":"https:\/\/centralmedia.rs\/index.php\/wp-json\/wp\/v2\/tags?post=17776"}],"curies":[{"name":"wp","href":"https:\/\/api.w.org\/{rel}","templated":true}]}}