{"id":17787,"date":"2019-05-18T12:27:21","date_gmt":"2019-05-18T12:27:21","guid":{"rendered":"http:\/\/centralmedia.rs\/?p=17787"},"modified":"2019-05-20T14:48:16","modified_gmt":"2019-05-20T14:48:16","slug":"paunovic-prijavio-policiji-da-mu-je-preceno","status":"publish","type":"post","link":"https:\/\/centralmedia.rs\/index.php\/2019\/05\/18\/paunovic-prijavio-policiji-da-mu-je-preceno\/","title":{"rendered":"Paunovi\u0107 prijavio policiji da mu je pre\u0107eno"},"content":{"rendered":"<p>PARA\u0106IN-Predsednik op\u0161tine Para\u0107in Sa\u0161a Paunovi\u0107, ujedno zamenik predsednika Demokratske stranke, podneo je prijave policiji zbog pretnje ubistvom koje je dobio. Kako je naveo, pre\u0107eno je njemu i \u010dlanovima njegove porodice.<\/p>\n<p>&#8211; Marku \u0110uri\u0107u, \u0161kolskoj Andjelka Pej\u010dinovi\u0107 Brki\u0107 i sli\u010dnim je dobra fora nazvati nekog izdajnikom, fa\u0161istom, sekta\u0161em. Drugima je to inspiracija. Zbog pretnji ubistvom mene i \u010dlanova moje porodice podneo sam prijave policiji. U ovom poslu nije potpuno neuobi\u010dajeno dobijati i anonimne pretnje, ali u ovom konkretnom slu\u010daju odgovornost je isklju\u010divo na Srpskoj naprednoj stranci i njenom derivatu u Para\u0107inu &#8211; povereni\u0161tvu Srpske napredne stranke. Vas smatram odgovornim, napisao je Punovi\u0107 na svom nalogu na dru\u0161tvenim mre\u017eama.<\/p>\n<div id='gallery-1' class='gallery galleryid-17787 gallery-columns-4 gallery-size-thumbnail'><figure class='gallery-item'>\n\t\t\t<div class='gallery-icon landscape'>\n\t\t\t\t<a href='https:\/\/centralmedia.rs\/index.php\/2019\/05\/18\/paunovic-prijavio-policiji-da-mu-je-preceno\/pismo\/'><img loading=\"lazy\" decoding=\"async\" width=\"150\" height=\"150\" src=\"https:\/\/centralmedia.rs\/wp-content\/uploads\/2019\/05\/pismo-150x150.jpg\" class=\"attachment-thumbnail size-thumbnail\" alt=\"\" \/><\/a>\n\t\t\t<\/div><\/figure><figure class='gallery-item'>\n\t\t\t<div class='gallery-icon landscape'>\n\t\t\t\t<a href='https:\/\/centralmedia.rs\/index.php\/2019\/05\/18\/paunovic-prijavio-policiji-da-mu-je-preceno\/fb-2\/'><img loading=\"lazy\" decoding=\"async\" width=\"150\" height=\"150\" src=\"https:\/\/centralmedia.rs\/wp-content\/uploads\/2019\/05\/fb-150x150.jpg\" class=\"attachment-thumbnail size-thumbnail\" alt=\"\" \/><\/a>\n\t\t\t<\/div><\/figure><figure class='gallery-item'>\n\t\t\t<div class='gallery-icon landscape'>\n\t\t\t\t<a href='https:\/\/centralmedia.rs\/index.php\/2019\/05\/18\/paunovic-prijavio-policiji-da-mu-je-preceno\/fb1\/'><img loading=\"lazy\" decoding=\"async\" width=\"150\" height=\"150\" src=\"https:\/\/centralmedia.rs\/wp-content\/uploads\/2019\/05\/fb1-150x150.jpg\" class=\"attachment-thumbnail size-thumbnail\" alt=\"\" \/><\/a>\n\t\t\t<\/div><\/figure><figure class='gallery-item'>\n\t\t\t<div class='gallery-icon landscape'>\n\t\t\t\t<a href='https:\/\/centralmedia.rs\/index.php\/2019\/05\/18\/paunovic-prijavio-policiji-da-mu-je-preceno\/fb2\/'><img loading=\"lazy\" decoding=\"async\" width=\"150\" height=\"150\" src=\"https:\/\/centralmedia.rs\/wp-content\/uploads\/2019\/05\/fb2-150x150.jpg\" class=\"attachment-thumbnail size-thumbnail\" alt=\"\" \/><\/a>\n\t\t\t<\/div><\/figure>\n\t\t<\/div>\n\n<p>&#8211; Povodom prete\u0107eg anonimnog pisma koje je stiglo na ime predsednika op\u0161tine Sa\u0161e Paunovi\u0107a u kome se najstra\u0161nije preti njemu i \u010dlanovima njegove porodice, kompletno op\u0161tinsko rukovodstvo, svi odbornici, \u010dlanovi Ve\u0107a i zaposleni op\u0161tinske uprave Para\u0107in \u0107e se, najverovatnije, po\u010detkom\u00a0 slede\u0107e nedelje obartiti javnosti i osuditit takav \u010din i zahtevati od nadle\u017enih organa hitnu reakciju, intervenciju i pronala\u017eenje po\u010dinjioca takvog dela, rekao je odbornik Nemanja Jovanovi\u0107.<\/p>\n","protected":false},"excerpt":{"rendered":"<p>PARA\u0106IN-Predsednik op\u0161tine Para\u0107in Sa\u0161a Paunovi\u0107, ujedno zamenik predsednika Demokratske stranke, podneo je prijave policiji zbog pretnje ubistvom koje je dobio. Kako je naveo, pre\u0107eno je &hellip; <\/p>\n","protected":false},"author":2,"featured_media":17788,"comment_status":"open","ping_status":"open","sticky":false,"template":"","format":"standard","meta":{"footnotes":""},"categories":[1524,20,2,1516,887,12],"tags":[372,3724,552,136],"_links":{"self":[{"href":"https:\/\/centralmedia.rs\/index.php\/wp-json\/wp\/v2\/posts\/17787"}],"collection":[{"href":"https:\/\/centralmedia.rs\/index.php\/wp-json\/wp\/v2\/posts"}],"about":[{"href":"https:\/\/centralmedia.rs\/index.php\/wp-json\/wp\/v2\/types\/post"}],"author":[{"embeddable":true,"href":"https:\/\/centralmedia.rs\/index.php\/wp-json\/wp\/v2\/users\/2"}],"replies":[{"embeddable":true,"href":"https:\/\/centralmedia.rs\/index.php\/wp-json\/wp\/v2\/comments?post=17787"}],"version-history":[{"count":1,"href":"https:\/\/centralmedia.rs\/index.php\/wp-json\/wp\/v2\/posts\/17787\/revisions"}],"predecessor-version":[{"id":17792,"href":"https:\/\/centralmedia.rs\/index.php\/wp-json\/wp\/v2\/posts\/17787\/revisions\/17792"}],"wp:featuredmedia":[{"embeddable":true,"href":"https:\/\/centralmedia.rs\/index.php\/wp-json\/wp\/v2\/media\/17788"}],"wp:attachment":[{"href":"https:\/\/centralmedia.rs\/index.php\/wp-json\/wp\/v2\/media?parent=17787"}],"wp:term":[{"taxonomy":"category","embeddable":true,"href":"https:\/\/centralmedia.rs\/index.php\/wp-json\/wp\/v2\/categories?post=17787"},{"taxonomy":"post_tag","embeddable":true,"href":"https:\/\/centralmedia.rs\/index.php\/wp-json\/wp\/v2\/tags?post=17787"}],"curies":[{"name":"wp","href":"https:\/\/api.w.org\/{rel}","templated":true}]}}