{"id":17793,"date":"2019-05-19T11:38:11","date_gmt":"2019-05-19T11:38:11","guid":{"rendered":"http:\/\/centralmedia.rs\/?p=17793"},"modified":"2019-05-20T14:48:24","modified_gmt":"2019-05-20T14:48:24","slug":"palma-zena-je-najvaznija-karika-u-drustvu","status":"publish","type":"post","link":"https:\/\/centralmedia.rs\/index.php\/2019\/05\/19\/palma-zena-je-najvaznija-karika-u-drustvu\/","title":{"rendered":"PALMA : \u017dENA JE NAJVA\u017dNIJA KARIKA U DRU\u0160TVU"},"content":{"rendered":"<table>\n<tbody>\n<tr>\n<td>\u201eMi iz Jedinstvene Srbije ho\u0107emo da se \u017eene, majke, sestre, unuke u Srbiji uvek po\u0161tuju kao da je svaki dan 8. mart. Kada \u010dujem u nekoj porodici gde ima dvoje troje dece, a ne radi supruga, ve\u0107 samo suprug i on ka\u017ee svojoj supruzi \u201eja te izdr\u017eavam\u201c. Ja onda ka\u017eem : \u201eKoga ti bre izdr\u017eava\u0161?\u201c Ona tebe izdr\u017eava, \u010duva decu, sprema ru\u010dak, vodi ra\u010duna o porodici. Ja to ne govorim kao politi\u010dar i to nije politi\u010dki program. To je \u017eivotni program i ja sam tako ro\u0111en\u201c poru\u010dio je predsednik Jedinstvene Srbije Dragan Markovi\u0107 Palma, \u010dlanicama Aktiva \u017eena Jedinstvene Srbije u Leskovcu. \u201eTako\u0111e ja sam iznena\u0111en kada \u010dujem da je neka devojka, \u017eena, bila zaposlena, pa se udala i ostala u drugom\u00a0 stanju, a onda dobila otkaz. To ne sme da se doga\u0111a i pozivam sve \u017eene gde god da \u010duju da postoiji takav slu\u010daj da dignu svoj glas i daju podr\u0161ku tim devojkama. \u017dena je najva\u017enija karika u porodici, u dru\u0161tvu. \u017dena je za mene zakon, majka, sestra, k\u0107erka, unuka. U Jagodini imamo primer da od 11 direktora osnovnih \u0161kola 9 su \u017eene. Ko od \u017eena i majki bolje mo\u017ee da vaspitava decu. Bori\u0107u se za svaku porodicu, da zna kada joj dete zavr\u0161i fakultet da ne\u0107e oti\u0107i u inostranstvo\u201c istakao je Markovi\u0107.<\/p>\n<p>NA KOSOVU I METOHIJI NIKOME NIKADA NI\u0160TA NISMO DALI, SVE SU NAM OTELI NATO BOMBARDOVANJEM 1999. GODINE<\/p>\n<p>\u201eNa Kosovu i Metohiji kosovski Albanci stalno ne\u0161to izmi\u0161ljaju i donose neke nove odluke, a te odluke nisu potkrepljene ni jednim zakonom, ni aktom ni Briselskim sporazumom ni Rezolucijom 1244 Saveta bezbednosti Ujedinjenih nacija. I za to imaju podr\u0161ku tri evropske dr\u017eave i jedne preko bare. Srbija sada mora da se izbori kakao da ubedi te dr\u017eave koje godinama mrze Srbiju i koje gledaju kako da srpski narod okrive da je genocidan, \u0161ta je istina oko Kosova i Metohije. Mi moramo da budemo jedinstveni po tom pitanju i tu vi\u0161e nije va\u017eno kako se zove onaj ko vodi Srbiju. Taj ko danas vodi Srbiju ima poverenje gra\u0111ana Srbije i on se bori da \u0161to vi\u0161e dobijemo, a da nam \u0161to manje otmu, jer mi nikada ni\u0161ta nismo dali na Kosovu i Metohiji, sve su nam oteli NATO bombardovanjem\u201c, kazao je predsednik Jedinstvene Srbije. \u201eSada neki iz opozicije kritikuju predsednika Srbije \u0161to je bio prisutan i govorio na Saboru Srpske pravoslavne crkve. Valjda je dobro kada se razgovara sa crkvom i valjda je dobro da crkva \u010duje \u0161ta misli dr\u017eava i da dr\u017eava \u010duje \u0161ta misli crkva. Mi smo jedini narod koji nije jedinstven oko nacionalnog pitanja. Svi u na\u0161em okru\u017eenju i na drugim kontinentima su jedinstveni oko nacionalnog pitanja. Ovde kod nas neki iz opozicije samo gledaju kako da do\u0111u na vlast da kupe skupe automobile i fotelje, a nacionalno pitanje ih ne zanima\u201c, rekao je Markovi\u0107.\u201cVi iz Evrope koji krojite kapu Srbiji, morate da shvatite da ne mo\u017eete da izmi\u0161ljate svakih 5 do 6 meseci da ne\u0161to novo tra\u017eite od Srbije. Srbija je ispo\u0161tovala sve svoje me\u0111unarodne obaveze i do\u0161lo je vreme da Srbija u\u0111e u Evropsku uniju\u201c, izavio je Dragan Markovi\u0107 Palma i naglasio da koalicija SPS \u2013 Jedinstvena Srbija odli\u010dno funkcioni\u0161e i da se Ivica Da\u010di\u0107 i sada u Africi bori da neke zemlje koje su priznale takozvano Kosovo, povuku to priznanje.<\/p>\n<p>2. izbornoj Skup\u0161tini Aktiva \u017eena Jedinstvene Srbije Gradskog odbora u Leskovcu prisustvovalo je 500 \u010dlanica tog tela. Izabrano je 50 \u010dlanica Glavnog odbora i 20 \u010dlanica predsedni\u0161tva Aktiva \u017eena Jedinstvene Srbije u Leskovcu. Za predsednicu Aktiva \u017eena Jedinstvene Srbije u Leskovcu izabrana je Jelena Jankovi\u0107, potpredsednica Udru\u017eenja pisaca u Leskovcu, profesor razredne nastave, \u010dlan Odbora za obrazovanje i kulturu u Skup\u0161tini grada Leskovca, majka troje dece i \u010dlan predsedni\u0161tva Gradskog odbora Jedinstvene Srbije u Leskovcu. \u201e\u017dena ima dve bitne misije na zemlji, da bude majka i da bude supruga. U poslednjih 100 godina \u017eene su se dokazale u svim oblastima dru\u0161tvenog \u017eivota i postale su nezavisne i aktivne u politici. Treba biti vidljiv i prepoznatljiv, a ne samo prisutan\u201c rekla je Jankovi\u0107eva nakon izbora. Potpredsednica podmladka Jedinstvene Srbije u Leskovcu, Andrijana Risti\u0107, master engleskog jezika, profesor 5 stranih jezika izjavila je da se posle 6 godina provedenih u inostranstvu vratila u Srbiju, u svoj Leskovac.\u201cPredsednik Jedinstvene Srbije Dragan Markovi\u0107 Palma je bio razlog, zbog \u010dijih sam stavova o po\u0161tovanju tradicionalnih vrednosti, sa porodicom, kao simbolom opstanka i napredka odlu\u010dila da se vratim na\u0161oj jedinstvenoj Srbiji\u201c rekla je Risti\u0107. Predsednik Gradskog odbora Jedinstvene Srbije u Leskovcu, koji je i potpredsednik stranke Nenad Filipovi\u0107 kazao je da je tradicija ono \u0161to nas ujedinjuje. \u201eIzabrali smo politiku Jedinstvene Srbije, jer je to politika koja daje rezultate, a \u010diji je utemeljiva\u010d Dragan Markovi\u0107 Palma. Jedinstvena Srbija je sinonim za tradiciju koja nas ujedinjuje, a danas je veoma va\u017ena sloga i jedinstvo. Tradicija je porodica, a njen stub je \u017eena\u201c istakao je Filipovi\u0107.\u00a0Ovom skupu u Leksovcu prisustvovali su i narodni poslanici Jedinstvene Srbije, \u0110or\u0111e Kosani\u0107, Marija Jev\u0111i\u0107 i Jelena Vuji\u0107 Obradovi\u0107, na\u010delnik Pomoravskog okruga Goran Milosavljevi\u0107 i predsednica Gradskog odbora Jedinstvene Srbije u \u0160apcu, Milica Vasi\u0107.<\/p>\n<table>\n<tbody>\n<tr>\n<td><\/td>\n<td><span style=\"font-weight: 500;\">\u041e\u0434\u0433\u043e\u0432\u043e\u0440\u0438<\/span><span style=\"font-weight: 500;\">\u041e\u0434\u0433\u043e\u0432\u043e\u0440\u0438 \u0441\u0432\u0438\u043c\u0430<\/span><span style=\"font-weight: 500;\">\u041f\u0440\u043e\u0441\u043b\u0435\u0434\u0438<\/span><\/td>\n<\/tr>\n<\/tbody>\n<\/table>\n<\/td>\n<td><\/td>\n<td><\/td>\n<\/tr>\n<\/tbody>\n<\/table>\n","protected":false},"excerpt":{"rendered":"<p>\u201eMi iz Jedinstvene Srbije ho\u0107emo da se \u017eene, majke, sestre, unuke u Srbiji uvek po\u0161tuju kao da je svaki dan 8. mart. Kada \u010dujem u &hellip; <\/p>\n","protected":false},"author":2,"featured_media":17794,"comment_status":"open","ping_status":"open","sticky":false,"template":"","format":"standard","meta":{"footnotes":""},"categories":[2,13,12],"tags":[3726,3725,120],"_links":{"self":[{"href":"https:\/\/centralmedia.rs\/index.php\/wp-json\/wp\/v2\/posts\/17793"}],"collection":[{"href":"https:\/\/centralmedia.rs\/index.php\/wp-json\/wp\/v2\/posts"}],"about":[{"href":"https:\/\/centralmedia.rs\/index.php\/wp-json\/wp\/v2\/types\/post"}],"author":[{"embeddable":true,"href":"https:\/\/centralmedia.rs\/index.php\/wp-json\/wp\/v2\/users\/2"}],"replies":[{"embeddable":true,"href":"https:\/\/centralmedia.rs\/index.php\/wp-json\/wp\/v2\/comments?post=17793"}],"version-history":[{"count":1,"href":"https:\/\/centralmedia.rs\/index.php\/wp-json\/wp\/v2\/posts\/17793\/revisions"}],"predecessor-version":[{"id":17795,"href":"https:\/\/centralmedia.rs\/index.php\/wp-json\/wp\/v2\/posts\/17793\/revisions\/17795"}],"wp:featuredmedia":[{"embeddable":true,"href":"https:\/\/centralmedia.rs\/index.php\/wp-json\/wp\/v2\/media\/17794"}],"wp:attachment":[{"href":"https:\/\/centralmedia.rs\/index.php\/wp-json\/wp\/v2\/media?parent=17793"}],"wp:term":[{"taxonomy":"category","embeddable":true,"href":"https:\/\/centralmedia.rs\/index.php\/wp-json\/wp\/v2\/categories?post=17793"},{"taxonomy":"post_tag","embeddable":true,"href":"https:\/\/centralmedia.rs\/index.php\/wp-json\/wp\/v2\/tags?post=17793"}],"curies":[{"name":"wp","href":"https:\/\/api.w.org\/{rel}","templated":true}]}}