{"id":1781,"date":"2016-01-05T09:38:12","date_gmt":"2016-01-05T09:38:12","guid":{"rendered":"http:\/\/centralmedia.rs\/?p=1781"},"modified":"2016-01-05T09:38:12","modified_gmt":"2016-01-05T09:38:12","slug":"nema-vanredne-situacije-ali-ima-vanrednih-mera","status":"publish","type":"post","link":"https:\/\/centralmedia.rs\/index.php\/2016\/01\/05\/nema-vanredne-situacije-ali-ima-vanrednih-mera\/","title":{"rendered":"NEMA VANREDNE SITUACIJE, ALI IMA VANREDNIH MERA"},"content":{"rendered":"<p>SVIM SNAGANAMA NA SNEG U JAGODINI<\/p>\n<p>JAGODINA-Na\u010delnik \u0160taba za vanredne situacije u Jagodini Srba \u0110ur\u0111evi\u0107 izjavio je da su od jutros anga\u017eovana sve raspolo\u017eive ma\u0161ine i ljudstvo u \u010di\u0161\u0107enju snega na  gradskom i seoskom podru\u010dju, ali da nije progla\u0161ena vanredna situacija. On je demantovao jutro\u0161nju izjavu zamenika direktora Direkcije za izgradnju Aleksandra Milenkovi\u0107a koji je rekao da je uvedena vanredna situacija.<br \/>\n\t-Na sednici \u0160taba za vanredne situacije odlu\u010deno je da se od privatnika i javnih preduze\u0107a sa teritorije grada zatra\u017ei anga\u017eovanje ma\u0161ina u \u010di\u0161\u0107enju snega, koji je protekle no\u0107i formirao sne\u017eni pokriva\u010d od 40 do 50 santimetara.  Na ulicama i lokanim putevima je trenutno 20 ma\u0161ina koje \u010diste sneg sa kolovoza i 15 kamiona koji odnose sneg. Na ulicama je preko 300 ljudi koji \u010diste sneg. Do kraja dana re\u0161i\u0107emo sve probleme sa snegom u Jagodini, rekao je na\u010delnik \u0110ur\u0111evi\u0107.<br \/>\n           Najve\u0107i problemi su na seoskim putevima \u0160antarovac \u2013Lukar, Deonica-Kaleni\u0107, put prema \u0160tiplju i Stri\u017eili gde autobusi nisu mogli da pro\u0111u. Tu je na putu sneg debljine i do 20 santimetara. U gradu su o\u010di\u0161\u0107ene glavne saobra\u0107ajnice, dok je u toku \u010di\u0161\u0107enje sporednih ulica.<\/p>\n<p>ZABRANJENO PREUZIMANJE TEKSTOVA I FOTOGRAFIJA ILI OSTAVLJANJE NA DRUGE INTERNET SAJTOVE-<br \/>\nAutorska prava zadr\u017eana &#8211; CENTRAL MEDIA<\/p>\n","protected":false},"excerpt":{"rendered":"<p>SVIM SNAGANAMA NA SNEG U JAGODINI JAGODINA-Na\u010delnik \u0160taba za vanredne situacije u Jagodini Srba \u0110ur\u0111evi\u0107 izjavio je da su od jutros anga\u017eovana sve raspolo\u017eive ma\u0161ine &hellip; <\/p>\n","protected":false},"author":4,"featured_media":0,"comment_status":"open","ping_status":"open","sticky":false,"template":"","format":"standard","meta":{"footnotes":""},"categories":[20,2,12],"tags":[58,423,432],"_links":{"self":[{"href":"https:\/\/centralmedia.rs\/index.php\/wp-json\/wp\/v2\/posts\/1781"}],"collection":[{"href":"https:\/\/centralmedia.rs\/index.php\/wp-json\/wp\/v2\/posts"}],"about":[{"href":"https:\/\/centralmedia.rs\/index.php\/wp-json\/wp\/v2\/types\/post"}],"author":[{"embeddable":true,"href":"https:\/\/centralmedia.rs\/index.php\/wp-json\/wp\/v2\/users\/4"}],"replies":[{"embeddable":true,"href":"https:\/\/centralmedia.rs\/index.php\/wp-json\/wp\/v2\/comments?post=1781"}],"version-history":[{"count":0,"href":"https:\/\/centralmedia.rs\/index.php\/wp-json\/wp\/v2\/posts\/1781\/revisions"}],"wp:attachment":[{"href":"https:\/\/centralmedia.rs\/index.php\/wp-json\/wp\/v2\/media?parent=1781"}],"wp:term":[{"taxonomy":"category","embeddable":true,"href":"https:\/\/centralmedia.rs\/index.php\/wp-json\/wp\/v2\/categories?post=1781"},{"taxonomy":"post_tag","embeddable":true,"href":"https:\/\/centralmedia.rs\/index.php\/wp-json\/wp\/v2\/tags?post=1781"}],"curies":[{"name":"wp","href":"https:\/\/api.w.org\/{rel}","templated":true}]}}