{"id":17814,"date":"2019-05-20T14:33:03","date_gmt":"2019-05-20T14:33:03","guid":{"rendered":"http:\/\/centralmedia.rs\/?p=17814"},"modified":"2019-05-23T18:29:34","modified_gmt":"2019-05-23T18:29:34","slug":"odbornici-zaposleni-u-opstini-paracin-javnim-preduzecima-i-ustanovama-osudili-pretnje-upucene-sasi-paunovici-njegovoj-porodici-foto","status":"publish","type":"post","link":"https:\/\/centralmedia.rs\/index.php\/2019\/05\/20\/odbornici-zaposleni-u-opstini-paracin-javnim-preduzecima-i-ustanovama-osudili-pretnje-upucene-sasi-paunovici-njegovoj-porodici-foto\/","title":{"rendered":"ODBORNICI, ZAPOSLENI U OP\u0160TINI PARA\u0106IN, JAVNIM PREDUZE\u0106IMA I USTANOVAMA &#8211; OSUDILI PRETNJE UPU\u0106ENE SA\u0160I PAUNOVI\u0106I NJEGOVOJ PORODICI (FOTO)"},"content":{"rendered":"<p>PARA\u0106IN- Povodom prete\u0107eg anonimnog pisma koje je stiglo na ime predsednika op\u0161tine Sa\u0161e Paunovi\u0107a u kome se preti njemu i \u010dlanovima njegove porodice, odbornici, \u010dlanovi Ve\u0107a i zaposleni op\u0161tinske uprave Para\u0107in, javnih preduze\u0107a i ustanova obratili su se javnosti, osudili \u00a0taj \u010din i zahtevali od nadle\u017enih organa hitnu reakciju, intervenciju i pronala\u017eenje po\u010dinjioca takvog dela. Tekst je pro\u010ditala odbornica Borislava Stoli\u0107, a pored nje bili su odbornici Ivica Raki\u0107,Vesna Parezanovi\u0107, \u00a0Jovica Raji\u0107, Tatjana Cincovi\u0107, Bojan Stoji\u010di\u0107, Ivana Mir\u010di\u0107 Mladenovi\u0107 i Sne\u017eana Gligovi\u0107. U sali, gde se odr\u017evaju skup\u0161tinske sednici bili zaposleni u op\u0161tinskoj upravi, javnim preduze\u0107ima i ustanovama, kao i gra\u0111ani.<\/p>\n<p>&#8211; Danas vam se pre svega obra\u0107amo kao ljudi, ne\u010diji roditelji, prijatelji, kao ne\u010dija deca. Iako \u017eivimo u vremenu duboke podele u dru\u0161tvu, gde dijalog ne postoji a konsenzus je misaona imenica, ipak, na momenat ostavimo po strani politi\u010dke razlike i neslaganja, politi\u010dku borbu i me\u0111usobne kritike i ovu pretnju sagledajmo kao slobodnomisle\u0107i i zdravorazumni ljudi.<\/p>\n<p>Razlog na\u0161eg dana\u0161njeg javnog obra\u0107anja le\u017ei u svakednevnom govoru mr\u017enje i vi\u0161egodi\u0161njoj negativnoj kampanji Srpske napredne stranke uperene protiv op\u0161tina gde oni nisu na vlasti, a koja je svoju kulminaciju do\u017eivela pre par dana, kada je na adresu predsednika op\u0161tine Para\u0107in, Sa\u0161e Paunovi\u0107a, stiglo prete\u0107e pismo, monstruozne sadr\u017eine u kome mu se preti likvidacijom njegove porodice i njega li\u010dno.<\/p>\n<div id='gallery-1' class='gallery galleryid-17814 gallery-columns-8 gallery-size-thumbnail'><figure class='gallery-item'>\n\t\t\t<div class='gallery-icon landscape'>\n\t\t\t\t<a href='https:\/\/centralmedia.rs\/index.php\/2019\/05\/20\/odbornici-zaposleni-u-opstini-paracin-javnim-preduzecima-i-ustanovama-osudili-pretnje-upucene-sasi-paunovici-njegovoj-porodici-foto\/osuda6\/'><img loading=\"lazy\" decoding=\"async\" width=\"150\" height=\"150\" src=\"https:\/\/centralmedia.rs\/wp-content\/uploads\/2019\/05\/osuda6-150x150.jpg\" class=\"attachment-thumbnail size-thumbnail\" alt=\"\" \/><\/a>\n\t\t\t<\/div><\/figure><figure class='gallery-item'>\n\t\t\t<div class='gallery-icon landscape'>\n\t\t\t\t<a href='https:\/\/centralmedia.rs\/index.php\/2019\/05\/20\/odbornici-zaposleni-u-opstini-paracin-javnim-preduzecima-i-ustanovama-osudili-pretnje-upucene-sasi-paunovici-njegovoj-porodici-foto\/osuda\/'><img loading=\"lazy\" decoding=\"async\" width=\"150\" height=\"150\" src=\"https:\/\/centralmedia.rs\/wp-content\/uploads\/2019\/05\/osuda-150x150.jpg\" class=\"attachment-thumbnail size-thumbnail\" alt=\"\" \/><\/a>\n\t\t\t<\/div><\/figure><figure class='gallery-item'>\n\t\t\t<div class='gallery-icon landscape'>\n\t\t\t\t<a href='https:\/\/centralmedia.rs\/index.php\/2019\/05\/20\/odbornici-zaposleni-u-opstini-paracin-javnim-preduzecima-i-ustanovama-osudili-pretnje-upucene-sasi-paunovici-njegovoj-porodici-foto\/osuda1\/'><img loading=\"lazy\" decoding=\"async\" width=\"150\" height=\"150\" src=\"https:\/\/centralmedia.rs\/wp-content\/uploads\/2019\/05\/osuda1-150x150.jpg\" class=\"attachment-thumbnail size-thumbnail\" alt=\"\" \/><\/a>\n\t\t\t<\/div><\/figure><figure class='gallery-item'>\n\t\t\t<div class='gallery-icon landscape'>\n\t\t\t\t<a href='https:\/\/centralmedia.rs\/index.php\/2019\/05\/20\/odbornici-zaposleni-u-opstini-paracin-javnim-preduzecima-i-ustanovama-osudili-pretnje-upucene-sasi-paunovici-njegovoj-porodici-foto\/osuda2\/'><img loading=\"lazy\" decoding=\"async\" width=\"150\" height=\"150\" src=\"https:\/\/centralmedia.rs\/wp-content\/uploads\/2019\/05\/osuda2-150x150.jpg\" class=\"attachment-thumbnail size-thumbnail\" alt=\"\" \/><\/a>\n\t\t\t<\/div><\/figure><figure class='gallery-item'>\n\t\t\t<div class='gallery-icon landscape'>\n\t\t\t\t<a href='https:\/\/centralmedia.rs\/index.php\/2019\/05\/20\/odbornici-zaposleni-u-opstini-paracin-javnim-preduzecima-i-ustanovama-osudili-pretnje-upucene-sasi-paunovici-njegovoj-porodici-foto\/osuda3\/'><img loading=\"lazy\" decoding=\"async\" width=\"150\" height=\"150\" src=\"https:\/\/centralmedia.rs\/wp-content\/uploads\/2019\/05\/osuda3-150x150.jpg\" class=\"attachment-thumbnail size-thumbnail\" alt=\"\" \/><\/a>\n\t\t\t<\/div><\/figure><figure class='gallery-item'>\n\t\t\t<div class='gallery-icon landscape'>\n\t\t\t\t<a href='https:\/\/centralmedia.rs\/index.php\/2019\/05\/20\/odbornici-zaposleni-u-opstini-paracin-javnim-preduzecima-i-ustanovama-osudili-pretnje-upucene-sasi-paunovici-njegovoj-porodici-foto\/osuda4\/'><img loading=\"lazy\" decoding=\"async\" width=\"150\" height=\"150\" src=\"https:\/\/centralmedia.rs\/wp-content\/uploads\/2019\/05\/osuda4-150x150.jpg\" class=\"attachment-thumbnail size-thumbnail\" alt=\"\" \/><\/a>\n\t\t\t<\/div><\/figure><figure class='gallery-item'>\n\t\t\t<div class='gallery-icon landscape'>\n\t\t\t\t<a href='https:\/\/centralmedia.rs\/index.php\/2019\/05\/20\/odbornici-zaposleni-u-opstini-paracin-javnim-preduzecima-i-ustanovama-osudili-pretnje-upucene-sasi-paunovici-njegovoj-porodici-foto\/osuda5\/'><img loading=\"lazy\" decoding=\"async\" width=\"150\" height=\"150\" src=\"https:\/\/centralmedia.rs\/wp-content\/uploads\/2019\/05\/osuda5-150x150.jpg\" class=\"attachment-thumbnail size-thumbnail\" alt=\"\" \/><\/a>\n\t\t\t<\/div><\/figure><figure class='gallery-item'>\n\t\t\t<div class='gallery-icon landscape'>\n\t\t\t\t<a href='https:\/\/centralmedia.rs\/index.php\/2019\/05\/20\/odbornici-zaposleni-u-opstini-paracin-javnim-preduzecima-i-ustanovama-osudili-pretnje-upucene-sasi-paunovici-njegovoj-porodici-foto\/osuda7\/'><img loading=\"lazy\" decoding=\"async\" width=\"150\" height=\"150\" src=\"https:\/\/centralmedia.rs\/wp-content\/uploads\/2019\/05\/osuda7-150x150.jpg\" class=\"attachment-thumbnail size-thumbnail\" alt=\"\" \/><\/a>\n\t\t\t<\/div><\/figure>\n\t\t<\/div>\n\n<p>Pora\u017eavaju\u0107a je \u010dinjenica da smo kao gra\u0111ani spremni da nemo posmatramo u\u017easnu atmosferu koja se iz dana u dan u na\u0161em dru\u0161tvu stvara. Atmosferu lin\u010da, diskreditacije i targetiranja svakog ko ne misli kao oni, atmosferu u kojoj je sasvim normalno da se bez suda sudi, bez dokaza osu\u0111uje i bez posledice puca.<\/p>\n<p>Prete\u0107e pismo koje je predsednik op\u0161tine Para\u0107in dobio istvoremeno je i prete\u0107i pucanj koji, kao \u0161to nam iskustvo sa pokojnim Oliverom Ivanovi\u0107em govori, vrlo lako mo\u017ee biti uvertira. Uvertira u jo\u0161 jedan pucanj, onaj fatalni, pucanj u dru\u0161tvo, dr\u017eavu, pravdu, institucije, razum, logiku, pucanj u slobodu.<\/p>\n<p>Najo\u0161trije osu\u0111ujemo upu\u0107ene pretnje i ugro\u017eavanje bezbednosti, pozivamo dr\u017eavne organe da po hitnom postupku prona\u0111u po\u010dinioca ili po\u010dinioce ovog krivi\u010dnog dela, a tako\u0111e, koristimo priliku da saop\u0161timo da za inspiratore ovog dela smatarmo Srpsku naprednu stranku, njene visoke funkcionere i predstavnike na lokalu, koji u svojoj prljavoj kampanji olako pote\u017eu za re\u010dima kao \u0161to su \u201eizdajnik, fa\u0161ista, sekta\u0161, kriminalac\u201c slute\u0107i ili ne, da upravo te re\u010di mogu biti okida\u010d za fanatika koji se hrani informacijama iz re\u017eimskih portala, elektronskih medija i \u0161tampanih vesti.<\/p>\n<p>Atmosfera li\u010dna koju stvara re\u017eim i njhove produ\u017eene ruke na lokalu nisu oli\u010denje evropske dr\u017eave u 21. veku koja stremi modernizaciji i viskom evropskom dru\u0161tvu. Neshvatljiva je opsesija Srpske napredne stranke za apsolutnom vla\u0161\u0107u, koja se\u017ee do te mere da se ne biraju ni politi\u010dka ni bilo koja druga sredstva da bi se do strana\u010dkih ciljeva stiglo.<\/p>\n<p>Atmosfera progona i netrpeljivosti prema svakom ko misli druga\u010dije, nije pojava od ju\u010de, ve\u0107 takvi postupci traju godinama unazad. I ranijih godina je bilo li\u010dnih pretnji, ucena i vr\u0161enja svakojakih pritisaka, ne samo na predsednika op\u0161tine Para\u0107in Sa\u0161u Paunovi\u0107a, ve\u0107 i na druge nosioce javnih politi\u010dkih funcija u na\u0161oj op\u0161tini, pa su tako razli\u010dite vrste pretnji i pritisaka upu\u0107ivane \u00a0Tomislavu \u0160aleti\u0107u, zameniku predsednika op\u0161tine Para\u0107in, Draganu Miti\u0107u, predsedniku Skpu\u0161tine op\u0161tine Para\u0107in, kao i odbornicima vladaju\u0107e ve\u0107ine koji su slu\u010dajeve prijavili i policiji. Pretnje su se odnosile kako na njih li\u010dno tako i na \u010dlanove njihovih porodica, pod pretnjom mogu\u0107e upotrebe gole fizi\u010dke sile.<\/p>\n<p>Kao ponosno slobodan grad i slobodni ljudi, poru\u010dujemo, da je udar na bilo koga od nas, zapravo udar na sve nas, pa tako udar na svaog od pomenutih nosilaca politi\u010dkih funkcija, koje su gra\u0111ani op\u0161tine Para\u0107in birali kao svoje predstavnike, do\u017eivljavamo kao udar na svakog od nas pojedina\u010dno. Zajedno, slo\u017eno i hrabro \u0107emo se odupiratu nadolaze\u0107m zlu, kome ve\u0107 dokazano ljudski \u017eivot predstavlja malu \u017ertvu zarad politi\u010dkog uspeha. Bez odstupanja, brani\u0107emo li\u010dni i timski integritet, poverenje Para\u0107inaca dobijeno na izborima a zaslu\u017eeno rezultatima i ne postoji pretnja koja \u0107e nas u tome spre\u010diti.<\/p>\n<p>Danas ne stajemo samo iza pomenutih ljudi , li\u010dno ugro\u017eenih, kojima je pre\u0107eno i koji su ucenjivani, stajemo iza onoga \u0161to svako od njih predstavlja, ne samo kao pojedinac, ve\u0107 i kao predstavnik gra\u0111ana, kao predstavnik slobodne op\u0161tine \u00a0Para\u0107in, danas, u okupiranoj Srbiji. A svi ovi ljudi koji danas vode Para\u0107in stabilnim i pravim putem predstavljaju slobodu, pravdu, nezavisnost, slobodne institucije i sistem vrednosti. Odbranom tih vrednosti, odbrani\u0107emo i Srbiju, stvoriti zemlju iz koje ljudi ne\u0107e odlaziti, u kojoj \u0107e se umesto strana\u010dke odluke po\u0161tovati Ustav i Zakoni, gde \u0107e se sa politi\u010dkim neistomi\u0161ljenicima voditi dijalog a ne rat.<\/p>\n<p>Na kraju, pozivamo svoje polliti\u010dke protivnike na smirivanje tenzije, na prestanak upotrebe najte\u017eih kleveta i uvreda koje mogu da inspiri\u0161u pretnje i ugro\u017eavanje bezbednosti. Pobeda se dobija na izborima i zahvaljuju\u0107i postignutim rezultatima, a ne silom, pretnjom, ucenama i ugor\u017eavanjem bezbednosti. Takav vid borbe rezervi\u0161e mesto u istoriji namenjeno fa\u0161istima i diktatorima, a tamo zasigurno ne\u0107e pisati na\u0161a imena, pro\u010ditala je tekst osude odbornica odbornica Borislava Stoli\u0107.<\/p>\n","protected":false},"excerpt":{"rendered":"<p>PARA\u0106IN- Povodom prete\u0107eg anonimnog pisma koje je stiglo na ime predsednika op\u0161tine Sa\u0161e Paunovi\u0107a u kome se preti njemu i \u010dlanovima njegove porodice, odbornici, \u010dlanovi &hellip; <\/p>\n","protected":false},"author":2,"featured_media":17815,"comment_status":"open","ping_status":"open","sticky":false,"template":"","format":"standard","meta":{"footnotes":""},"categories":[1524,2,1516,13,887,12],"tags":[3730,156,552],"_links":{"self":[{"href":"https:\/\/centralmedia.rs\/index.php\/wp-json\/wp\/v2\/posts\/17814"}],"collection":[{"href":"https:\/\/centralmedia.rs\/index.php\/wp-json\/wp\/v2\/posts"}],"about":[{"href":"https:\/\/centralmedia.rs\/index.php\/wp-json\/wp\/v2\/types\/post"}],"author":[{"embeddable":true,"href":"https:\/\/centralmedia.rs\/index.php\/wp-json\/wp\/v2\/users\/2"}],"replies":[{"embeddable":true,"href":"https:\/\/centralmedia.rs\/index.php\/wp-json\/wp\/v2\/comments?post=17814"}],"version-history":[{"count":1,"href":"https:\/\/centralmedia.rs\/index.php\/wp-json\/wp\/v2\/posts\/17814\/revisions"}],"predecessor-version":[{"id":17823,"href":"https:\/\/centralmedia.rs\/index.php\/wp-json\/wp\/v2\/posts\/17814\/revisions\/17823"}],"wp:featuredmedia":[{"embeddable":true,"href":"https:\/\/centralmedia.rs\/index.php\/wp-json\/wp\/v2\/media\/17815"}],"wp:attachment":[{"href":"https:\/\/centralmedia.rs\/index.php\/wp-json\/wp\/v2\/media?parent=17814"}],"wp:term":[{"taxonomy":"category","embeddable":true,"href":"https:\/\/centralmedia.rs\/index.php\/wp-json\/wp\/v2\/categories?post=17814"},{"taxonomy":"post_tag","embeddable":true,"href":"https:\/\/centralmedia.rs\/index.php\/wp-json\/wp\/v2\/tags?post=17814"}],"curies":[{"name":"wp","href":"https:\/\/api.w.org\/{rel}","templated":true}]}}