{"id":17841,"date":"2019-05-22T16:23:25","date_gmt":"2019-05-22T16:23:25","guid":{"rendered":"http:\/\/centralmedia.rs\/?p=17841"},"modified":"2019-05-23T18:30:01","modified_gmt":"2019-05-23T18:30:01","slug":"postavljen-uv-indikator-u-osnovnoj-skoli-u-jagodini","status":"publish","type":"post","link":"https:\/\/centralmedia.rs\/index.php\/2019\/05\/22\/postavljen-uv-indikator-u-osnovnoj-skoli-u-jagodini\/","title":{"rendered":"POSTAVLJEN UV INDIKATOR U OSNOVNOJ \u0160KOLI U JAGODINI"},"content":{"rendered":"<p>U Osnovnoj \u0161koli \u201cMilan Mijalkovi\u0107\u201d u Jagodini, <strong>postavljen je UV indikator, <\/strong>specijalni mera\u010d za trenutno o\u010ditavanje intenziteta sun\u010devog zra\u010denja. Zahvaljuju\u0107i UV indikatoru u\u010denici ove osnovne \u0161kole, mo\u0107i \u0107e da vide ja\u010dinu UV zra\u010denja u svakom trenutku dana i da saznaju na koji na\u010din bi trebalo da se za\u0161tite od negativnog uticaja sunca i tako sa\u010duvaju svoje zdravlje.<\/p>\n<p><img loading=\"lazy\" decoding=\"async\" class=\"alignnone wp-image-17843 size-large\" src=\"http:\/\/centralmedia.rs\/wp-content\/uploads\/2019\/05\/UV-indikator-grafi\u010dki-prikaz-1024x576.jpg\" alt=\"\" width=\"640\" height=\"360\" srcset=\"https:\/\/centralmedia.rs\/wp-content\/uploads\/2019\/05\/UV-indikator-grafi\u010dki-prikaz-1024x576.jpg 1024w, https:\/\/centralmedia.rs\/wp-content\/uploads\/2019\/05\/UV-indikator-grafi\u010dki-prikaz-300x169.jpg 300w, https:\/\/centralmedia.rs\/wp-content\/uploads\/2019\/05\/UV-indikator-grafi\u010dki-prikaz-768x432.jpg 768w, https:\/\/centralmedia.rs\/wp-content\/uploads\/2019\/05\/UV-indikator-grafi\u010dki-prikaz-747x420.jpg 747w, https:\/\/centralmedia.rs\/wp-content\/uploads\/2019\/05\/UV-indikator-grafi\u010dki-prikaz-640x360.jpg 640w, https:\/\/centralmedia.rs\/wp-content\/uploads\/2019\/05\/UV-indikator-grafi\u010dki-prikaz-681x383.jpg 681w, https:\/\/centralmedia.rs\/wp-content\/uploads\/2019\/05\/UV-indikator-grafi\u010dki-prikaz.jpg 1200w\" sizes=\"(max-width: 640px) 100vw, 640px\" \/><\/p>\n<p>UV indikator je postavljen u okviru kampanje sistematske edukacija o odgovornom pona\u0161anju na suncu \u201cZa\u0161tita za sve\u201c, koju sprovode Eucerin Srbija i Fond B92, uz podr\u0161ku Ministarstva zdravlja i Ministarstva prosvete, nauke i tehnolo\u0161kog razvoja Republike Srbije.<\/p>\n<p>Cilj kampanje \u201eZa\u0161tita za sve\u201c je da odgovorno pona\u0161anje na suncu postane deo zdravih \u017eivotnih navika dece, koja mnogo vi\u0161e vremena provode napolju nego odrasli, a njihova ko\u017ea je osetljivija na negativne uticaje sunca. Stav Svetske zdravstvene organizacije je da je prekomerno izlaganje UV radijaciji ozbiljno pitanje javnog zdravlja, a preporuka da se sa edukacijom o odgovornom pona\u0161anju na suncu po\u010dne u pred\u0161kolskom i rano\u0161kolskom uzrastu. Stvaranje zdravih navika kod dece u pogledu za\u0161tite od potencijalno negativnih efekata sun\u010devog zra\u010denja zalog je za njihovo zdravlje u budu\u0107nosti.<\/p>\n<p>Intenzitet sun\u010devog, to jest UV, zra\u010denja grafi\u010dki je prikazan na UV indikatoru u tri kategorije: Bezbedno je, Za\u0161titi se i Skloni se. U zavisnosti od inteziteta UV zra\u010denja jedna od ovih pozicija \u00a0svetli. Mere za\u0161tite koje je u tom periodu potrebno preduzeti &#8211; od sklanjanja u hlad, do no\u0161enja majica dugih rukava, kapa sa \u0161irokim obodom i nao\u010dara, do nano\u0161enja krema za za\u0161titu od sunca &#8211; jednostavno i kratko su obja\u0161njene u prate\u0107em tekstu legende UV indikatora. Simboli legende su nagla\u0161eni istom bojom kao svetle\u0107e pozicije, te su lako razumljivi i atraktivni deci.<\/p>\n<p>UV indikator postavljen u Osnovnoj \u0161koli \u201cMilan Mijalkovi\u0107\u201d u Jagodini jedan je od 20 koji \u0107e tokom ovog prole\u0107a biti postavljeni u \u0161kolama \u0161irom Srbije, kao rezultat u\u010de\u0161\u0107a tih \u0161kola na konkurs sa temom \u201eDva lica sunca\u201d. Na konkursu je u\u010destvovala preko 130 \u0161kola iz cele Srbije. Me\u0111u 206 radova \u0111aka, koje su na konkurs poslali u\u010ditelji, izabrano je 20 najboljih.<\/p>\n<p>UV indikatori su do sada postavljeni u osnovnim \u0161kolama \u201eRifat Burd\u017eovi\u0107-Tr\u0161o\u201d u Novom Pazaru, \u201cVuk Karad\u017ei\u0107\u201d u Negotinu, \u201cDr Jovan Cvijovi\u0107\u201d u Smederevu, \u201cMilinko Ku\u0161i\u0107\u201d u Ivanjici, \u201cJovan Sterija Popovi\u0107\u201d u Vr\u0161cu i \u201cBranko Radi\u010devi\u0107\u201d i \u201c\u0110ura Dani\u010di\u0107\u201d u Beogradu. U okviru kampanje \u201eZa\u0161tita za sve\u201d, tokom 2018. godine, UV indikatori su postavljeni u \u0161est \u0161kola u Beogradu, Ni\u0161u i Novom Sadu.<\/p>\n<p>Deo dru\u0161tveno odgovorne kampanje \u201cZa\u0161tita za sve\u201d, koja se sprovodi dve godine, je i edukacija o odgovornom pona\u0161anju na suncu za u\u010ditelje, koju je do sada pro\u0161lo 850 u\u010ditelja iz 361 \u0161kole iz preko dvestotine gradova u Srbiji. U\u010ditelji su u okviru edukacije dobili saznanja i metode na osnovu kojih informacije o potencijalno negativnim uticajima sunca i odgovornom pona\u0161anju na suncu prenose deci rano\u0161kolskog uzrasta.<\/p>\n<p>Od ovog prole\u0107a, u okviru ove kampanje, deci u Srbiji dostupna je i edukativna video-igrica \u201eSun\u010dane avanture\u201d, koja im omogu\u0107ava da se na zabavan i uzbudljiv na\u010din takmi\u010de sa sobom i drugima, a istovremeno u\u010de kako da se za\u0161tite od \u0161tetnog sun\u010devog zra\u010denja i sa\u010duvaju zdravlje. Glavni likovi ove igrice, koju \u0107e roditelji rado odobriti svojoj deci, su Ceri i njegovi drugari. Igrica \u201eSun\u010dane avanture\u201d mo\u017ee se besplatno preuzeti sa Google Play i Apple Store prodavnica. Format igrice na efektan na\u010din plasira edukativne sadr\u017eaje, koje, uz savete roditelja, deca mogu da razvijaju i primenjuju.<\/p>\n<p>Kampanja\u00a0 \u201eZa\u0161tita za sve\u201c predstavlja logi\u010dan nastavak akcije za rano otkrivanje raka ko\u017ee \u201ePregled za sve\u201c, koju su Eucerin Srbija i Fond B 92, uz podr\u0161ku Ministarstva zdravlja sprovodili od 2015. do 2017.godine.<\/p>\n","protected":false},"excerpt":{"rendered":"<p>U Osnovnoj \u0161koli \u201cMilan Mijalkovi\u0107\u201d u Jagodini, postavljen je UV indikator, specijalni mera\u010d za trenutno o\u010ditavanje intenziteta sun\u010devog zra\u010denja. Zahvaljuju\u0107i UV indikatoru u\u010denici ove osnovne &hellip; <\/p>\n","protected":false},"author":2,"featured_media":17842,"comment_status":"open","ping_status":"open","sticky":false,"template":"","format":"standard","meta":{"footnotes":""},"categories":[1524,2,1514,23,30],"tags":[58,3736,3735],"_links":{"self":[{"href":"https:\/\/centralmedia.rs\/index.php\/wp-json\/wp\/v2\/posts\/17841"}],"collection":[{"href":"https:\/\/centralmedia.rs\/index.php\/wp-json\/wp\/v2\/posts"}],"about":[{"href":"https:\/\/centralmedia.rs\/index.php\/wp-json\/wp\/v2\/types\/post"}],"author":[{"embeddable":true,"href":"https:\/\/centralmedia.rs\/index.php\/wp-json\/wp\/v2\/users\/2"}],"replies":[{"embeddable":true,"href":"https:\/\/centralmedia.rs\/index.php\/wp-json\/wp\/v2\/comments?post=17841"}],"version-history":[{"count":1,"href":"https:\/\/centralmedia.rs\/index.php\/wp-json\/wp\/v2\/posts\/17841\/revisions"}],"predecessor-version":[{"id":17844,"href":"https:\/\/centralmedia.rs\/index.php\/wp-json\/wp\/v2\/posts\/17841\/revisions\/17844"}],"wp:featuredmedia":[{"embeddable":true,"href":"https:\/\/centralmedia.rs\/index.php\/wp-json\/wp\/v2\/media\/17842"}],"wp:attachment":[{"href":"https:\/\/centralmedia.rs\/index.php\/wp-json\/wp\/v2\/media?parent=17841"}],"wp:term":[{"taxonomy":"category","embeddable":true,"href":"https:\/\/centralmedia.rs\/index.php\/wp-json\/wp\/v2\/categories?post=17841"},{"taxonomy":"post_tag","embeddable":true,"href":"https:\/\/centralmedia.rs\/index.php\/wp-json\/wp\/v2\/tags?post=17841"}],"curies":[{"name":"wp","href":"https:\/\/api.w.org\/{rel}","templated":true}]}}