{"id":17845,"date":"2019-05-22T16:33:17","date_gmt":"2019-05-22T16:33:17","guid":{"rendered":"http:\/\/centralmedia.rs\/?p=17845"},"modified":"2019-05-26T15:35:12","modified_gmt":"2019-05-26T15:35:12","slug":"n1-predsednik-opstine-paracin-proglasavaju-nas-izdajnicima-prete-mi-na-mrezama","status":"publish","type":"post","link":"https:\/\/centralmedia.rs\/index.php\/2019\/05\/22\/n1-predsednik-opstine-paracin-proglasavaju-nas-izdajnicima-prete-mi-na-mrezama\/","title":{"rendered":"N1: Predsednik op\u0161tine Para\u0107in: Progla\u0161avaju nas izdajnicima, prete mi na mre\u017eama"},"content":{"rendered":"<p>BEOGRAD- &#8220;Protesti u Para\u0107inu, \u0160apcu i na Starom gradu su odgovor SNS-a na proteste &#8220;Jedan od pet miliona&#8221;. Me\u0111utim, to je pretnja praznom pu\u0161kom jer se gra\u0111ani nisu odazvali, ve\u0107 samo mali broj naprednjaka&#8221;, rekao je predsednik op\u0161tine Para\u0107in Sa\u0161a Paunovi\u0107.<\/p>\n<p>Kako je ispri\u010dao Paunovi\u0107, od poslednjeg protesta u Para\u0107inu na koji su dovedeni radnici Rembasa, nije bilo organizovanih akcija naprednjaka.<\/p>\n<p>&#8220;Na tom protestu su bili na\u0161i lokalni naprednjaci, njih pedesetak, plus tri autobusa iz Despotovca sa radnicima Rembasa. Ja sam se njima obratio, imali smo raspravu ispred op\u0161tine. To je nare\u0111enje iz centrale zbog protesta u Beogradu, neko je javio da treba vratiti opoziciji u \u0160apcu, Para\u0107inu i Starom gradu. To je pretnja praznom pu\u0161kom, gra\u0111ani nisu iza\u0161li, ve\u0107 samo naprednjaci i nije ih bilo puno. Skandal je da radnici jednog dr\u017eavnog preduze\u0107a do\u0111u po zadatku u Para\u0107in, ja sam se s njima fotografisao. Oni dobiju zadatak u radno vreme da idu na neki miting, to im je radna obaveza. Njima je to izlet, nisu to ostra\u0161\u0107eni \u010dlanovi SNS, ve\u0107 gra\u0111ani koji vide priliku da provedu dan van radnog mesta&#8221;, rekao je Paunovi\u0107 u Danu u\u017eivo N1.<\/p>\n<p>On je ispri\u010dao i da su \u010dlanovi SNS pro\u0161le godine poku\u0161ali nasilno da prekinu sednicu Skup\u0161tine op\u0161tine, \u0161to je, kako ocenjuje, van norme po\u0161tovanja lokalne demokratije.<\/p>\n<p>Paunovi\u0107 je ponovio da je dobio pretnje ubistvom preko dru\u0161tvenih mre\u017ea, ali i u pismu, kao i da je policija obave\u0161tena o svemu.<\/p>\n<p>&#8220;Mi se progla\u0161avamo fa\u0161istima i izdajnicima. Smtram da je re\u010d o posledicama politi\u010dke kampanje gde naprednjaci olako shvataju re\u010di koje izgovore i lica sa margine imaju potrebu da se doka\u017eu u patriotizmu i zato u\u0161p\u0107uju pretnje. Ja ne mogu da znam da li \u0107e neko slede\u0107i put umesto prertnje ne\u0161to u\u010diniti. Zabrinut sam, dobijate od velikih medija oznaku da radite protiv dru\u0161tva i onda neko mo\u017ee to da shvati kao poruku da preduzme ne\u0161to. Koliko vidim policija je preduzela mere koje mo\u017ee&#8221;, navodi Paunovi\u0107.<\/p>\n<p>Govore\u0107i o protestu &#8220;1 od 5 miliona&#8221;, predsednik op\u0161tine Para\u0107in je rekao da su oni trajali do 13. aprila i da se posle toga pre\u0161lo na drugi vid borbe.<\/p>\n<p>&#8220;Ne mogu da traju beskona\u010dno, gra\u0111ani pokazuju da nisu zadovoljni i \u017eele promene i bili su uporni da poka\u017eu. Postoji volja da se do\u0111e do promena, protesti su u tom smislu pokazali svoju svrhu. Slede\u0107i korak je organizacija, organizovati ljude da svoju volju sprovedu kroz institucijet, slede\u0107i korak je borba za slobodne izbore i medije&#8221;.<\/p>\n<p>Ponovio je da je doneta odluka da se ne u\u010destvuje u radu Skup\u0161tine bez obzira na temu. Ka\u017ee da iako je rasprava o Kosovu va\u017ena, ni ta tema nije u Skup\u0161tini spremna na pravi na\u010din.<\/p>\n<p>&#8220;Dijalog ne zna\u010di samo da mi do\u0111emo, treba da budemo dovoljno informisani. Ne o\u010dekujem da \u0107e biti nekih materijala, znaju\u0107i kako je vo\u0111ena debata ranije, setite se stotina amandmana u Skup\u0161tini. A ne vidim volju vladaju\u0107e ve\u0107ine za debatu. Vlast se na\u0161la u situaciji da mora da donese ozbiljnu odluku i ne \u017eeli to sama da u\u010dlini, treba joj podr\u0161ka dru\u0161tva pa i &#8220;pla\u0107eni\u010dke&#8221; opozicije. \u017dele da podele odgovornost, ali se s tim zakasnilo. Da bi opozicija u\u010destvovala u tome trebalo je ranije da se poka\u017ee volja&#8221;.<\/p>\n<p>&nbsp;<\/p>\n","protected":false},"excerpt":{"rendered":"<p>BEOGRAD- &#8220;Protesti u Para\u0107inu, \u0160apcu i na Starom gradu su odgovor SNS-a na proteste &#8220;Jedan od pet miliona&#8221;. Me\u0111utim, to je pretnja praznom pu\u0161kom jer &hellip; <\/p>\n","protected":false},"author":2,"featured_media":17846,"comment_status":"open","ping_status":"open","sticky":false,"template":"","format":"standard","meta":{"footnotes":""},"categories":[1524,2,1516,13,887,12],"tags":[552,3737],"_links":{"self":[{"href":"https:\/\/centralmedia.rs\/index.php\/wp-json\/wp\/v2\/posts\/17845"}],"collection":[{"href":"https:\/\/centralmedia.rs\/index.php\/wp-json\/wp\/v2\/posts"}],"about":[{"href":"https:\/\/centralmedia.rs\/index.php\/wp-json\/wp\/v2\/types\/post"}],"author":[{"embeddable":true,"href":"https:\/\/centralmedia.rs\/index.php\/wp-json\/wp\/v2\/users\/2"}],"replies":[{"embeddable":true,"href":"https:\/\/centralmedia.rs\/index.php\/wp-json\/wp\/v2\/comments?post=17845"}],"version-history":[{"count":1,"href":"https:\/\/centralmedia.rs\/index.php\/wp-json\/wp\/v2\/posts\/17845\/revisions"}],"predecessor-version":[{"id":17847,"href":"https:\/\/centralmedia.rs\/index.php\/wp-json\/wp\/v2\/posts\/17845\/revisions\/17847"}],"wp:featuredmedia":[{"embeddable":true,"href":"https:\/\/centralmedia.rs\/index.php\/wp-json\/wp\/v2\/media\/17846"}],"wp:attachment":[{"href":"https:\/\/centralmedia.rs\/index.php\/wp-json\/wp\/v2\/media?parent=17845"}],"wp:term":[{"taxonomy":"category","embeddable":true,"href":"https:\/\/centralmedia.rs\/index.php\/wp-json\/wp\/v2\/categories?post=17845"},{"taxonomy":"post_tag","embeddable":true,"href":"https:\/\/centralmedia.rs\/index.php\/wp-json\/wp\/v2\/tags?post=17845"}],"curies":[{"name":"wp","href":"https:\/\/api.w.org\/{rel}","templated":true}]}}