{"id":17848,"date":"2019-05-22T17:17:26","date_gmt":"2019-05-22T17:17:26","guid":{"rendered":"http:\/\/centralmedia.rs\/?p=17848"},"modified":"2019-05-26T15:35:04","modified_gmt":"2019-05-26T15:35:04","slug":"u-susret-5-just-out","status":"publish","type":"post","link":"https:\/\/centralmedia.rs\/index.php\/2019\/05\/22\/u-susret-5-just-out\/","title":{"rendered":"U SUSRET 5. &#8220;JUST OUT&#8221;"},"content":{"rendered":"<p>DESPOTOVAC- Predsednik op\u0161tine Despotovac Nikola Nikoli\u0107 potpisao je u Beogradu sa Ministarstvom trgovine, turizma i telekomunikacija Ugovor o sufinansiranju projekta 5. Me\u0111unarodnog vite\u0161kog festivala &#8220;JUST OUT&#8221; u iznosu od 4,5 miliona dinara. Jedna od najbr\u017ee rastu\u0107ih manifestacija u Evropi, koja u tri dana okupi preko 100 hiljada posetilaca.<\/p>\n<div id='gallery-1' class='gallery galleryid-17848 gallery-columns-3 gallery-size-full'><figure class='gallery-item'>\n\t\t\t<div class='gallery-icon landscape'>\n\t\t\t\t<a href='https:\/\/centralmedia.rs\/index.php\/2019\/05\/22\/u-susret-5-just-out\/attachment\/13\/'><img loading=\"lazy\" decoding=\"async\" width=\"1280\" height=\"622\" src=\"https:\/\/centralmedia.rs\/wp-content\/uploads\/2019\/05\/13.jpg\" class=\"attachment-full size-full\" alt=\"\" srcset=\"https:\/\/centralmedia.rs\/wp-content\/uploads\/2019\/05\/13.jpg 1280w, https:\/\/centralmedia.rs\/wp-content\/uploads\/2019\/05\/13-300x146.jpg 300w, https:\/\/centralmedia.rs\/wp-content\/uploads\/2019\/05\/13-768x373.jpg 768w, https:\/\/centralmedia.rs\/wp-content\/uploads\/2019\/05\/13-1024x498.jpg 1024w, https:\/\/centralmedia.rs\/wp-content\/uploads\/2019\/05\/13-864x420.jpg 864w, https:\/\/centralmedia.rs\/wp-content\/uploads\/2019\/05\/13-640x311.jpg 640w, https:\/\/centralmedia.rs\/wp-content\/uploads\/2019\/05\/13-681x331.jpg 681w\" sizes=\"(max-width: 1280px) 100vw, 1280px\" \/><\/a>\n\t\t\t<\/div><\/figure><figure class='gallery-item'>\n\t\t\t<div class='gallery-icon landscape'>\n\t\t\t\t<a href='https:\/\/centralmedia.rs\/index.php\/2019\/05\/22\/u-susret-5-just-out\/attachment\/14\/'><img loading=\"lazy\" decoding=\"async\" width=\"1280\" height=\"622\" src=\"https:\/\/centralmedia.rs\/wp-content\/uploads\/2019\/05\/14.jpg\" class=\"attachment-full size-full\" alt=\"\" srcset=\"https:\/\/centralmedia.rs\/wp-content\/uploads\/2019\/05\/14.jpg 1280w, https:\/\/centralmedia.rs\/wp-content\/uploads\/2019\/05\/14-300x146.jpg 300w, https:\/\/centralmedia.rs\/wp-content\/uploads\/2019\/05\/14-768x373.jpg 768w, https:\/\/centralmedia.rs\/wp-content\/uploads\/2019\/05\/14-1024x498.jpg 1024w, https:\/\/centralmedia.rs\/wp-content\/uploads\/2019\/05\/14-864x420.jpg 864w, https:\/\/centralmedia.rs\/wp-content\/uploads\/2019\/05\/14-640x311.jpg 640w, https:\/\/centralmedia.rs\/wp-content\/uploads\/2019\/05\/14-681x331.jpg 681w\" sizes=\"(max-width: 1280px) 100vw, 1280px\" \/><\/a>\n\t\t\t<\/div><\/figure><figure class='gallery-item'>\n\t\t\t<div class='gallery-icon landscape'>\n\t\t\t\t<a href='https:\/\/centralmedia.rs\/index.php\/2019\/05\/22\/u-susret-5-just-out\/attachment\/15\/'><img loading=\"lazy\" decoding=\"async\" width=\"1280\" height=\"622\" src=\"https:\/\/centralmedia.rs\/wp-content\/uploads\/2019\/05\/15.jpg\" class=\"attachment-full size-full\" alt=\"\" srcset=\"https:\/\/centralmedia.rs\/wp-content\/uploads\/2019\/05\/15.jpg 1280w, https:\/\/centralmedia.rs\/wp-content\/uploads\/2019\/05\/15-300x146.jpg 300w, https:\/\/centralmedia.rs\/wp-content\/uploads\/2019\/05\/15-768x373.jpg 768w, https:\/\/centralmedia.rs\/wp-content\/uploads\/2019\/05\/15-1024x498.jpg 1024w, https:\/\/centralmedia.rs\/wp-content\/uploads\/2019\/05\/15-864x420.jpg 864w, https:\/\/centralmedia.rs\/wp-content\/uploads\/2019\/05\/15-640x311.jpg 640w, https:\/\/centralmedia.rs\/wp-content\/uploads\/2019\/05\/15-681x331.jpg 681w\" sizes=\"(max-width: 1280px) 100vw, 1280px\" \/><\/a>\n\t\t\t<\/div><\/figure>\n\t\t<\/div>\n\n","protected":false},"excerpt":{"rendered":"<p>DESPOTOVAC- Predsednik op\u0161tine Despotovac Nikola Nikoli\u0107 potpisao je u Beogradu sa Ministarstvom trgovine, turizma i telekomunikacija Ugovor o sufinansiranju projekta 5. Me\u0111unarodnog vite\u0161kog festivala &#8220;JUST &hellip; <\/p>\n","protected":false},"author":2,"featured_media":17849,"comment_status":"open","ping_status":"open","sticky":false,"template":"","format":"standard","meta":{"footnotes":""},"categories":[1518,1524,2,15,887,12],"tags":[1169,51,1121],"_links":{"self":[{"href":"https:\/\/centralmedia.rs\/index.php\/wp-json\/wp\/v2\/posts\/17848"}],"collection":[{"href":"https:\/\/centralmedia.rs\/index.php\/wp-json\/wp\/v2\/posts"}],"about":[{"href":"https:\/\/centralmedia.rs\/index.php\/wp-json\/wp\/v2\/types\/post"}],"author":[{"embeddable":true,"href":"https:\/\/centralmedia.rs\/index.php\/wp-json\/wp\/v2\/users\/2"}],"replies":[{"embeddable":true,"href":"https:\/\/centralmedia.rs\/index.php\/wp-json\/wp\/v2\/comments?post=17848"}],"version-history":[{"count":2,"href":"https:\/\/centralmedia.rs\/index.php\/wp-json\/wp\/v2\/posts\/17848\/revisions"}],"predecessor-version":[{"id":17859,"href":"https:\/\/centralmedia.rs\/index.php\/wp-json\/wp\/v2\/posts\/17848\/revisions\/17859"}],"wp:featuredmedia":[{"embeddable":true,"href":"https:\/\/centralmedia.rs\/index.php\/wp-json\/wp\/v2\/media\/17849"}],"wp:attachment":[{"href":"https:\/\/centralmedia.rs\/index.php\/wp-json\/wp\/v2\/media?parent=17848"}],"wp:term":[{"taxonomy":"category","embeddable":true,"href":"https:\/\/centralmedia.rs\/index.php\/wp-json\/wp\/v2\/categories?post=17848"},{"taxonomy":"post_tag","embeddable":true,"href":"https:\/\/centralmedia.rs\/index.php\/wp-json\/wp\/v2\/tags?post=17848"}],"curies":[{"name":"wp","href":"https:\/\/api.w.org\/{rel}","templated":true}]}}