{"id":17864,"date":"2019-05-23T01:00:20","date_gmt":"2019-05-23T01:00:20","guid":{"rendered":"http:\/\/centralmedia.rs\/?p=17864"},"modified":"2019-05-26T15:32:31","modified_gmt":"2019-05-26T15:32:31","slug":"zamena-30-kilometara-vodovodne-mreze-u-cupriji","status":"publish","type":"post","link":"https:\/\/centralmedia.rs\/index.php\/2019\/05\/23\/zamena-30-kilometara-vodovodne-mreze-u-cupriji\/","title":{"rendered":"ZAMENA 30 KILOMETARA VODOVODNE MRE\u017dE U \u0106UPRIJI"},"content":{"rendered":"<p>\u0106UPRIJA- Predsednik op\u0161tine \u0106uprija Ninoslav Eri\u0107 izjavio je da \u0107e uskoro po\u010deti zamena 30 kilometara \u00a0vodovodne mre\u017ee u tom gradu. Vrednost investicije je 2 miliona evra<\/p>\n<p>&#8211; Kada Skup\u0161tina Srbije bude odobri kreditno zadu\u017eivanje iz fondova EU ste\u0107i\u0107e se uslovi realiciju projekta zamene kompletne vodovodne mre\u017ee u \u0106upriji. Lokalna samouprava je Kancelariji za javna ulaganja dostavila projekat sa tehni\u010dkom dokumentacijom i najkasnije u junu o\u010dekuje odobrenje parlamenta za kreditno zadu\u017eenje, rekao je Eri\u0107.<\/p>\n<p>Premijerka Ana Brnabi\u0107 je pro\u0161log aprila razgovarala sa rukovodstvom op\u0161tine na \u00a0temu vodosnabdevanja, a posle toga po\u010dela izrada dokumentacije za zamenu kompletne vodovodne mre\u017ee u gradu. Vodovodna mre\u017ea je stara preko 40 godina i gubici su veliki. Na Izvori\u0161tu Sveta Petka prvi put su postavljeni merni instrumenti za protok vode. Kupljena je parcela gde se nalazi rasteretna komora, sada \u0107e \u0106uprija izgraditi rezervoar radi stabilizacije vodosnabdevanja i pritiska u cevima.<\/p>\n<p>&#8211; Velika stvar za gra\u0111ane, jer se menja mre\u017ea stara preko \u010detiri decenije u koju niko od predhodnika nije ulagao. \u00a0Mislimo i na sela i zato smo uradili studiju pozicioniranja bunara, tako da \u0107emo sela povezati na vododovnu mre\u017eu, najavio je Eri\u0107.<\/p>\n<p>Pored toga, trasa gasovoda Ju\u017eni tok koja prolazi kroz teritoriju op\u0161ine \u0106uprija je po planovima trebalo da pro\u0111e kroz Industrisjku zonu u Dobri\u010devu, \u0161to je za op\u0161tinu bilo nedopustivo i od Ministarstva energetika zatra\u017eena je promena Plana detaljne regulacije za to podru\u010dje. Ina\u010de bi gasovod zauzeo 200 hektara u Industrijskoj zoni. Uspeli smo uz pomo\u0107 Kabineta predsednika Srbije da izmenimo Prostorni plan Srbije i izdejstvujemo da gasovod zaobi\u0111e Dobri\u010devo. Izmene nisu uobi\u010dajena stvar, ve\u0107 ne\u0161to \u0161to doga\u0111a u pet godina, te da ovaj ustupak predstavlja veliki uspeh lokalne samouprave.<\/p>\n","protected":false},"excerpt":{"rendered":"<p>\u0106UPRIJA- Predsednik op\u0161tine \u0106uprija Ninoslav Eri\u0107 izjavio je da \u0107e uskoro po\u010deti zamena 30 kilometara \u00a0vodovodne mre\u017ee u tom gradu. Vrednost investicije je 2 miliona &hellip; <\/p>\n","protected":false},"author":2,"featured_media":14382,"comment_status":"open","ping_status":"open","sticky":false,"template":"","format":"standard","meta":{"footnotes":""},"categories":[1515,14,1524,2,887,12],"tags":[44,759,1122],"_links":{"self":[{"href":"https:\/\/centralmedia.rs\/index.php\/wp-json\/wp\/v2\/posts\/17864"}],"collection":[{"href":"https:\/\/centralmedia.rs\/index.php\/wp-json\/wp\/v2\/posts"}],"about":[{"href":"https:\/\/centralmedia.rs\/index.php\/wp-json\/wp\/v2\/types\/post"}],"author":[{"embeddable":true,"href":"https:\/\/centralmedia.rs\/index.php\/wp-json\/wp\/v2\/users\/2"}],"replies":[{"embeddable":true,"href":"https:\/\/centralmedia.rs\/index.php\/wp-json\/wp\/v2\/comments?post=17864"}],"version-history":[{"count":1,"href":"https:\/\/centralmedia.rs\/index.php\/wp-json\/wp\/v2\/posts\/17864\/revisions"}],"predecessor-version":[{"id":17865,"href":"https:\/\/centralmedia.rs\/index.php\/wp-json\/wp\/v2\/posts\/17864\/revisions\/17865"}],"wp:featuredmedia":[{"embeddable":true,"href":"https:\/\/centralmedia.rs\/index.php\/wp-json\/wp\/v2\/media\/14382"}],"wp:attachment":[{"href":"https:\/\/centralmedia.rs\/index.php\/wp-json\/wp\/v2\/media?parent=17864"}],"wp:term":[{"taxonomy":"category","embeddable":true,"href":"https:\/\/centralmedia.rs\/index.php\/wp-json\/wp\/v2\/categories?post=17864"},{"taxonomy":"post_tag","embeddable":true,"href":"https:\/\/centralmedia.rs\/index.php\/wp-json\/wp\/v2\/tags?post=17864"}],"curies":[{"name":"wp","href":"https:\/\/api.w.org\/{rel}","templated":true}]}}