{"id":17866,"date":"2019-05-23T16:36:42","date_gmt":"2019-05-23T16:36:42","guid":{"rendered":"http:\/\/centralmedia.rs\/?p=17866"},"modified":"2019-05-26T15:32:41","modified_gmt":"2019-05-26T15:32:41","slug":"cuprijski-predskolci-nagradeni-na-dramskom-festivalu","status":"publish","type":"post","link":"https:\/\/centralmedia.rs\/index.php\/2019\/05\/23\/cuprijski-predskolci-nagradeni-na-dramskom-festivalu\/","title":{"rendered":"\u0106UPRIJSKI PRED\u0160KOLCI NAGRA\u0110ENI NA DRAMSKOM FESTIVALU"},"content":{"rendered":"<p>\u0106UPRIJA- Pred\u0161kolci vrti\u0107a &#8221; Bambi&#8221; iz PU De\u010dija radost u \u0106upriji na de\u010djem dramskom festivalu Dedar u Smederevu, koji okuplja decu i vaspita\u010de iz cele Srbije, osvojili drugo mesto sa predstavom ,,Uobra\u017eena jelka&#8221; u kategoriji pozori\u0161na prezentacija dece. Zaslu\u017eni za nagaradu su\u00a0 stru\u010dni tim ustanove na \u010delu sa direktorkom Sne\u017eanom Ili\u0107, vaspita\u010dima Slavici Pavi\u0107 i Nata\u0161i Stanojlovi\u0107, autoru predstave vaspita\u010dici Nata\u0161i Mandi\u0107 i stru\u010dnom saradniku Aleksandri Vuji\u010di\u0107.<\/p>\n<div id='gallery-1' class='gallery galleryid-17866 gallery-columns-3 gallery-size-full'><figure class='gallery-item'>\n\t\t\t<div class='gallery-icon landscape'>\n\t\t\t\t<a href='https:\/\/centralmedia.rs\/index.php\/2019\/05\/23\/cuprijski-predskolci-nagradeni-na-dramskom-festivalu\/predstava-7\/'><img loading=\"lazy\" decoding=\"async\" width=\"2040\" height=\"1530\" src=\"https:\/\/centralmedia.rs\/wp-content\/uploads\/2019\/05\/predstava.jpg\" class=\"attachment-full size-full\" alt=\"\" srcset=\"https:\/\/centralmedia.rs\/wp-content\/uploads\/2019\/05\/predstava.jpg 2040w, https:\/\/centralmedia.rs\/wp-content\/uploads\/2019\/05\/predstava-300x225.jpg 300w, https:\/\/centralmedia.rs\/wp-content\/uploads\/2019\/05\/predstava-768x576.jpg 768w, https:\/\/centralmedia.rs\/wp-content\/uploads\/2019\/05\/predstava-1024x768.jpg 1024w, https:\/\/centralmedia.rs\/wp-content\/uploads\/2019\/05\/predstava-560x420.jpg 560w, https:\/\/centralmedia.rs\/wp-content\/uploads\/2019\/05\/predstava-80x60.jpg 80w, https:\/\/centralmedia.rs\/wp-content\/uploads\/2019\/05\/predstava-100x75.jpg 100w, https:\/\/centralmedia.rs\/wp-content\/uploads\/2019\/05\/predstava-180x135.jpg 180w, https:\/\/centralmedia.rs\/wp-content\/uploads\/2019\/05\/predstava-238x178.jpg 238w, https:\/\/centralmedia.rs\/wp-content\/uploads\/2019\/05\/predstava-640x480.jpg 640w, https:\/\/centralmedia.rs\/wp-content\/uploads\/2019\/05\/predstava-681x511.jpg 681w\" sizes=\"(max-width: 2040px) 100vw, 2040px\" \/><\/a>\n\t\t\t<\/div><\/figure><figure class='gallery-item'>\n\t\t\t<div class='gallery-icon landscape'>\n\t\t\t\t<a href='https:\/\/centralmedia.rs\/index.php\/2019\/05\/23\/cuprijski-predskolci-nagradeni-na-dramskom-festivalu\/predstava1\/'><img loading=\"lazy\" decoding=\"async\" width=\"1848\" height=\"1374\" src=\"https:\/\/centralmedia.rs\/wp-content\/uploads\/2019\/05\/predstava1.jpg\" class=\"attachment-full size-full\" alt=\"\" srcset=\"https:\/\/centralmedia.rs\/wp-content\/uploads\/2019\/05\/predstava1.jpg 1848w, https:\/\/centralmedia.rs\/wp-content\/uploads\/2019\/05\/predstava1-300x223.jpg 300w, https:\/\/centralmedia.rs\/wp-content\/uploads\/2019\/05\/predstava1-768x571.jpg 768w, https:\/\/centralmedia.rs\/wp-content\/uploads\/2019\/05\/predstava1-1024x761.jpg 1024w, https:\/\/centralmedia.rs\/wp-content\/uploads\/2019\/05\/predstava1-565x420.jpg 565w, https:\/\/centralmedia.rs\/wp-content\/uploads\/2019\/05\/predstava1-80x60.jpg 80w, https:\/\/centralmedia.rs\/wp-content\/uploads\/2019\/05\/predstava1-100x75.jpg 100w, https:\/\/centralmedia.rs\/wp-content\/uploads\/2019\/05\/predstava1-180x135.jpg 180w, https:\/\/centralmedia.rs\/wp-content\/uploads\/2019\/05\/predstava1-238x178.jpg 238w, https:\/\/centralmedia.rs\/wp-content\/uploads\/2019\/05\/predstava1-640x476.jpg 640w, https:\/\/centralmedia.rs\/wp-content\/uploads\/2019\/05\/predstava1-681x506.jpg 681w\" sizes=\"(max-width: 1848px) 100vw, 1848px\" \/><\/a>\n\t\t\t<\/div><\/figure><figure class='gallery-item'>\n\t\t\t<div class='gallery-icon landscape'>\n\t\t\t\t<a href='https:\/\/centralmedia.rs\/index.php\/2019\/05\/23\/cuprijski-predskolci-nagradeni-na-dramskom-festivalu\/predstava2\/'><img loading=\"lazy\" decoding=\"async\" width=\"2040\" height=\"1530\" src=\"https:\/\/centralmedia.rs\/wp-content\/uploads\/2019\/05\/predstava2.jpg\" class=\"attachment-full size-full\" alt=\"\" srcset=\"https:\/\/centralmedia.rs\/wp-content\/uploads\/2019\/05\/predstava2.jpg 2040w, https:\/\/centralmedia.rs\/wp-content\/uploads\/2019\/05\/predstava2-300x225.jpg 300w, https:\/\/centralmedia.rs\/wp-content\/uploads\/2019\/05\/predstava2-768x576.jpg 768w, https:\/\/centralmedia.rs\/wp-content\/uploads\/2019\/05\/predstava2-1024x768.jpg 1024w, https:\/\/centralmedia.rs\/wp-content\/uploads\/2019\/05\/predstava2-560x420.jpg 560w, https:\/\/centralmedia.rs\/wp-content\/uploads\/2019\/05\/predstava2-80x60.jpg 80w, https:\/\/centralmedia.rs\/wp-content\/uploads\/2019\/05\/predstava2-100x75.jpg 100w, https:\/\/centralmedia.rs\/wp-content\/uploads\/2019\/05\/predstava2-180x135.jpg 180w, https:\/\/centralmedia.rs\/wp-content\/uploads\/2019\/05\/predstava2-238x178.jpg 238w, https:\/\/centralmedia.rs\/wp-content\/uploads\/2019\/05\/predstava2-640x480.jpg 640w, https:\/\/centralmedia.rs\/wp-content\/uploads\/2019\/05\/predstava2-681x511.jpg 681w\" sizes=\"(max-width: 2040px) 100vw, 2040px\" \/><\/a>\n\t\t\t<\/div><\/figure>\n\t\t<\/div>\n\n","protected":false},"excerpt":{"rendered":"<p>\u0106UPRIJA- Pred\u0161kolci vrti\u0107a &#8221; Bambi&#8221; iz PU De\u010dija radost u \u0106upriji na de\u010djem dramskom festivalu Dedar u Smederevu, koji okuplja decu i vaspita\u010de iz cele &hellip; <\/p>\n","protected":false},"author":2,"featured_media":17867,"comment_status":"open","ping_status":"open","sticky":false,"template":"","format":"standard","meta":{"footnotes":""},"categories":[1515,1524,2,15,887,12],"tags":[3742,44,3741,1685],"_links":{"self":[{"href":"https:\/\/centralmedia.rs\/index.php\/wp-json\/wp\/v2\/posts\/17866"}],"collection":[{"href":"https:\/\/centralmedia.rs\/index.php\/wp-json\/wp\/v2\/posts"}],"about":[{"href":"https:\/\/centralmedia.rs\/index.php\/wp-json\/wp\/v2\/types\/post"}],"author":[{"embeddable":true,"href":"https:\/\/centralmedia.rs\/index.php\/wp-json\/wp\/v2\/users\/2"}],"replies":[{"embeddable":true,"href":"https:\/\/centralmedia.rs\/index.php\/wp-json\/wp\/v2\/comments?post=17866"}],"version-history":[{"count":1,"href":"https:\/\/centralmedia.rs\/index.php\/wp-json\/wp\/v2\/posts\/17866\/revisions"}],"predecessor-version":[{"id":17870,"href":"https:\/\/centralmedia.rs\/index.php\/wp-json\/wp\/v2\/posts\/17866\/revisions\/17870"}],"wp:featuredmedia":[{"embeddable":true,"href":"https:\/\/centralmedia.rs\/index.php\/wp-json\/wp\/v2\/media\/17867"}],"wp:attachment":[{"href":"https:\/\/centralmedia.rs\/index.php\/wp-json\/wp\/v2\/media?parent=17866"}],"wp:term":[{"taxonomy":"category","embeddable":true,"href":"https:\/\/centralmedia.rs\/index.php\/wp-json\/wp\/v2\/categories?post=17866"},{"taxonomy":"post_tag","embeddable":true,"href":"https:\/\/centralmedia.rs\/index.php\/wp-json\/wp\/v2\/tags?post=17866"}],"curies":[{"name":"wp","href":"https:\/\/api.w.org\/{rel}","templated":true}]}}