{"id":17879,"date":"2019-05-23T18:07:46","date_gmt":"2019-05-23T18:07:46","guid":{"rendered":"http:\/\/centralmedia.rs\/?p=17879"},"modified":"2019-05-26T15:33:00","modified_gmt":"2019-05-26T15:33:00","slug":"sindelicevi-dani-2019-29-31-maja-u-svilajncu","status":"publish","type":"post","link":"https:\/\/centralmedia.rs\/index.php\/2019\/05\/23\/sindelicevi-dani-2019-29-31-maja-u-svilajncu\/","title":{"rendered":"&#8220;SIN\u0110ELI\u0106EVI DANI 2019&#8221; 29. &#8211; 31. maja u Svilajncu"},"content":{"rendered":"<p>Program:<\/p>\n<p>Sreda, 29. maj<br \/>\nKu\u0107a Stevana Sin\u0111eli\u0107a, Grabovac, 20 sati<br \/>\nSve\u010dano otvaranje manifestacije \u201eSin\u0111eli\u0107evi dani 2019\u201c<br \/>\nU\u010destvuju: Hor O\u0160 \u201eJovan Jovanovi\u0107 Zmaj\u201c i Lana Stojadinovi\u0107 u\u010denica Srednje \u0161kole Svilajnac.<br \/>\nRocher bend<br \/>\nKoncert \u201eEtno zvuci\u201c<\/p>\n<p><img loading=\"lazy\" decoding=\"async\" class=\"alignnone size-medium wp-image-17881\" src=\"http:\/\/centralmedia.rs\/wp-content\/uploads\/2019\/05\/reocher-band-300x189.jpg\" alt=\"\" width=\"300\" height=\"189\" srcset=\"https:\/\/centralmedia.rs\/wp-content\/uploads\/2019\/05\/reocher-band-300x189.jpg 300w, https:\/\/centralmedia.rs\/wp-content\/uploads\/2019\/05\/reocher-band.jpg 579w\" sizes=\"(max-width: 300px) 100vw, 300px\" \/><\/p>\n<p>\u010cetvrtak, 30. maj,<br \/>\nTrg Stevana Sin\u0111eli\u0107a, 19 sati<br \/>\nPolaganje venaca na spomenik Stevana Sin\u0111eli\u0107a u Svilajncu<\/p>\n<p>Centar za kulturu, 20 sati<br \/>\nKru\u0161eva\u010dko pozori\u0161te<br \/>\n\u201eTamo daleko na ostrvu spasa\u201c<br \/>\nTekst: Jelena Popadi\u0107 Sumi\u0107<br \/>\nRe\u017eija: Vladimir Popadi\u0107<br \/>\nAnsambl Kru\u0161eva\u010dkog pozori\u0161ta<\/p>\n<p><img loading=\"lazy\" decoding=\"async\" class=\"alignnone size-medium wp-image-17882\" src=\"http:\/\/centralmedia.rs\/wp-content\/uploads\/2019\/05\/pozoriste-krusevacko-300x160.jpg\" alt=\"\" width=\"300\" height=\"160\" srcset=\"https:\/\/centralmedia.rs\/wp-content\/uploads\/2019\/05\/pozoriste-krusevacko-300x160.jpg 300w, https:\/\/centralmedia.rs\/wp-content\/uploads\/2019\/05\/pozoriste-krusevacko.jpg 620w\" sizes=\"(max-width: 300px) 100vw, 300px\" \/><\/p>\n<p>Petak, 31. maj<br \/>\nCentar za kulturu<br \/>\nMuzi\u010dko-poetski kabare<br \/>\n\u201eDa, to su bili dani\u201c<br \/>\nU\u010destvuju:<br \/>\nNeboj\u0161a Dugali\u0107, Boris Pingovi\u0107, Nina \u0106osi\u0107, Voja Savi\u0107<\/p>\n<p><img loading=\"lazy\" decoding=\"async\" class=\"alignnone size-medium wp-image-17883\" src=\"http:\/\/centralmedia.rs\/wp-content\/uploads\/2019\/05\/dugalic-i-pingovic-300x205.jpg\" alt=\"\" width=\"300\" height=\"205\" srcset=\"https:\/\/centralmedia.rs\/wp-content\/uploads\/2019\/05\/dugalic-i-pingovic-300x205.jpg 300w, https:\/\/centralmedia.rs\/wp-content\/uploads\/2019\/05\/dugalic-i-pingovic-768x524.jpg 768w, https:\/\/centralmedia.rs\/wp-content\/uploads\/2019\/05\/dugalic-i-pingovic-615x420.jpg 615w, https:\/\/centralmedia.rs\/wp-content\/uploads\/2019\/05\/dugalic-i-pingovic-640x437.jpg 640w, https:\/\/centralmedia.rs\/wp-content\/uploads\/2019\/05\/dugalic-i-pingovic-681x465.jpg 681w, https:\/\/centralmedia.rs\/wp-content\/uploads\/2019\/05\/dugalic-i-pingovic.jpg 800w\" sizes=\"(max-width: 300px) 100vw, 300px\" \/><\/p>\n<p>* Prevoz do Grabovca je organizovan; autobus \u0107e biti postavljen u 19 i 30 sati na parkingu ispred Resavske biblioteke<br \/>\n* Numerisane ulaznice za sadr\u017eaje u Centru za kulturu preuzimaju se na blagajni ustanove<br \/>\n* Programi su besplatni<\/p>\n<p>&nbsp;<\/p>\n<p>&nbsp;<\/p>\n","protected":false},"excerpt":{"rendered":"<p>Program: Sreda, 29. maj Ku\u0107a Stevana Sin\u0111eli\u0107a, Grabovac, 20 sati Sve\u010dano otvaranje manifestacije \u201eSin\u0111eli\u0107evi dani 2019\u201c U\u010destvuju: Hor O\u0160 \u201eJovan Jovanovi\u0107 Zmaj\u201c i Lana Stojadinovi\u0107 &hellip; <\/p>\n","protected":false},"author":2,"featured_media":17880,"comment_status":"open","ping_status":"open","sticky":false,"template":"","format":"standard","meta":{"footnotes":""},"categories":[1524,2,15,887,12,1517],"tags":[828,38],"_links":{"self":[{"href":"https:\/\/centralmedia.rs\/index.php\/wp-json\/wp\/v2\/posts\/17879"}],"collection":[{"href":"https:\/\/centralmedia.rs\/index.php\/wp-json\/wp\/v2\/posts"}],"about":[{"href":"https:\/\/centralmedia.rs\/index.php\/wp-json\/wp\/v2\/types\/post"}],"author":[{"embeddable":true,"href":"https:\/\/centralmedia.rs\/index.php\/wp-json\/wp\/v2\/users\/2"}],"replies":[{"embeddable":true,"href":"https:\/\/centralmedia.rs\/index.php\/wp-json\/wp\/v2\/comments?post=17879"}],"version-history":[{"count":1,"href":"https:\/\/centralmedia.rs\/index.php\/wp-json\/wp\/v2\/posts\/17879\/revisions"}],"predecessor-version":[{"id":17884,"href":"https:\/\/centralmedia.rs\/index.php\/wp-json\/wp\/v2\/posts\/17879\/revisions\/17884"}],"wp:featuredmedia":[{"embeddable":true,"href":"https:\/\/centralmedia.rs\/index.php\/wp-json\/wp\/v2\/media\/17880"}],"wp:attachment":[{"href":"https:\/\/centralmedia.rs\/index.php\/wp-json\/wp\/v2\/media?parent=17879"}],"wp:term":[{"taxonomy":"category","embeddable":true,"href":"https:\/\/centralmedia.rs\/index.php\/wp-json\/wp\/v2\/categories?post=17879"},{"taxonomy":"post_tag","embeddable":true,"href":"https:\/\/centralmedia.rs\/index.php\/wp-json\/wp\/v2\/tags?post=17879"}],"curies":[{"name":"wp","href":"https:\/\/api.w.org\/{rel}","templated":true}]}}