{"id":17885,"date":"2019-05-23T18:10:50","date_gmt":"2019-05-23T18:10:50","guid":{"rendered":"http:\/\/centralmedia.rs\/?p=17885"},"modified":"2019-05-26T15:33:09","modified_gmt":"2019-05-26T15:33:09","slug":"otpusteni-preko-fejsa-ne-odustaju","status":"publish","type":"post","link":"https:\/\/centralmedia.rs\/index.php\/2019\/05\/23\/otpusteni-preko-fejsa-ne-odustaju\/","title":{"rendered":"Otpu\u0161teni preko fejsa ne odustaju"},"content":{"rendered":"<p>PARA\u0106IN- Biv\u0161i radnici Srpske Fabrike Stakla iz Para\u0107ina uputili su saop\u0161tenje za javnost.<\/p>\n<p>&#8211; Otpu\u0161teni preko fejsa &#8211; biv\u0161i radnici Srpske Fabrike Stakla iz Para\u0107ina nisu pravnici, advokati a po najmanje sudije. Zato se na po\u010detku ogra\u0111uju od pravnog izra\u017eavanja,ali kao po\u0161teni gra\u0111ani ove zemlje koji su \u017eeleli da veruju u pravdu i sudstvo, izra\u017eavaju svoje nezadovoljstvo, a i sumnju, na podneseni UPPR. U prilogu Vam \u0161aljemo sva re\u0161enja UPPR. S pravom se pitamo kako je mogu\u0107e da Apelacioni sud u Beogradu 28. marta ukida mere obezbe\u0111enja zbog \u017ealbe i vra\u0107a na ponovno razmatranje a ve\u0107 17. aprila Privredni sud u Kragujevcu ponovo odre\u0111uje mere obezbe\u0111enja? Jo\u0161 ve\u0107a nelogo\u010dinost se javlja 06. maja kada Privredni sud tra\u017ei od SFS, pod pretnjom propu\u0161tanja, da u roku od 15 dana dostavi sudu odgovor na \u017ealbu Veksilum Balkana. Otpu\u0161teni preko fejsa se pitaju za\u0161to mere obezbe\u0111enja nisu uvedene posle dostavljanje celokupne dokumentacije.Da li je to opet neka nova igra za otpu\u0161tene radnike?Ili je to ponovo kupovina vremena?Mi nismo protiv UPPR-a kao re\u0161enja za SFS ve\u0107 protiv ovakvog predloga kako u finansijskom delu tako i u predlogu za generalnog direktora (plata 180. 000 dinara), tako i za \u010dlanove NO (plata 165.000). I na\u0161ih 20 plata trebaju da u\u0111u u UPPR jer su presudom Apelacionog suda u Beogradu prestale sve pravne posledice ste\u010daja, pa su tako i na\u0161i otkazi ni\u0161tavi.Ponovo se pitamo da li smo mi otkaz dobili od SFS ili od ste\u010dajnog upravnika. Ponovo nelogi\u010dnost sa na\u0161im re\u0161enjem o otkazu na kome stoji pe\u010dat SFS i potpis ste\u010dajnog upravnika??? Pitamo se koliko \u0107e jo\u0161 otpu\u0161tenih radnika zavr\u0161iti na groblju dok \u010dekaju svoju pravdu. Spremni smo da 30. maja nas 50 otpu\u0161tenih radnika krenemo na zakazano ro\u010di\u0161te, iako znamo da celukupna dokumentacija nije predata i da cemo jo\u0161 \u010dekati. Jedno je sigurno da Otpu\u0161teni preko fejsa ne odustaju, stoji u saop\u0161tenju biv\u0161ih radnika SFS.<\/p>\n","protected":false},"excerpt":{"rendered":"<p>PARA\u0106IN- Biv\u0161i radnici Srpske Fabrike Stakla iz Para\u0107ina uputili su saop\u0161tenje za javnost. &#8211; Otpu\u0161teni preko fejsa &#8211; biv\u0161i radnici Srpske Fabrike Stakla iz Para\u0107ina &hellip; <\/p>\n","protected":false},"author":2,"featured_media":16168,"comment_status":"open","ping_status":"open","sticky":false,"template":"","format":"standard","meta":{"footnotes":""},"categories":[14,1524,2,1516,887,12],"tags":[3631,156,158],"_links":{"self":[{"href":"https:\/\/centralmedia.rs\/index.php\/wp-json\/wp\/v2\/posts\/17885"}],"collection":[{"href":"https:\/\/centralmedia.rs\/index.php\/wp-json\/wp\/v2\/posts"}],"about":[{"href":"https:\/\/centralmedia.rs\/index.php\/wp-json\/wp\/v2\/types\/post"}],"author":[{"embeddable":true,"href":"https:\/\/centralmedia.rs\/index.php\/wp-json\/wp\/v2\/users\/2"}],"replies":[{"embeddable":true,"href":"https:\/\/centralmedia.rs\/index.php\/wp-json\/wp\/v2\/comments?post=17885"}],"version-history":[{"count":1,"href":"https:\/\/centralmedia.rs\/index.php\/wp-json\/wp\/v2\/posts\/17885\/revisions"}],"predecessor-version":[{"id":17886,"href":"https:\/\/centralmedia.rs\/index.php\/wp-json\/wp\/v2\/posts\/17885\/revisions\/17886"}],"wp:featuredmedia":[{"embeddable":true,"href":"https:\/\/centralmedia.rs\/index.php\/wp-json\/wp\/v2\/media\/16168"}],"wp:attachment":[{"href":"https:\/\/centralmedia.rs\/index.php\/wp-json\/wp\/v2\/media?parent=17885"}],"wp:term":[{"taxonomy":"category","embeddable":true,"href":"https:\/\/centralmedia.rs\/index.php\/wp-json\/wp\/v2\/categories?post=17885"},{"taxonomy":"post_tag","embeddable":true,"href":"https:\/\/centralmedia.rs\/index.php\/wp-json\/wp\/v2\/tags?post=17885"}],"curies":[{"name":"wp","href":"https:\/\/api.w.org\/{rel}","templated":true}]}}