{"id":17920,"date":"2019-05-24T06:31:19","date_gmt":"2019-05-24T06:31:19","guid":{"rendered":"http:\/\/centralmedia.rs\/?p=17920"},"modified":"2019-05-26T15:33:33","modified_gmt":"2019-05-26T15:33:33","slug":"nagrada-slavoljub-vulic-pripala-pozoristu-iz-loznice-na-24-maps-u-plazanu","status":"publish","type":"post","link":"https:\/\/centralmedia.rs\/index.php\/2019\/05\/24\/nagrada-slavoljub-vulic-pripala-pozoristu-iz-loznice-na-24-maps-u-plazanu\/","title":{"rendered":"NAGRADA &#8220;SLAVOLjUB VULI\u0106&#8221; PRIPALA POZORI\u0160TU IZ LOZNICE NA 24. MAPS U PLA\u017dANU"},"content":{"rendered":"<p>DESPOTOVAC- Najboljom predstavom 24. Majskih amaterskih pozori\u0161nih sve\u010danosti u Pala\u017eanu kod Despotovca, jednoglasno publika i \u017eiri, progla\u0161ena predstava \u201eZvezdana pra\u0161ina\u201c Pozo ri\u0161ta iz Loznice koja je ponela nagradu \u201eSlavoljub Vuli\u0107\u201c. Po ocenama publike i stru\u010dnog \u017eirija dodeljene su nagrade za najbolju \u017eensku epizodnu ulogu Sne\u017eani Mandra\u0161evi\u0107 iz Kostolca za ulogu ,,Stane&#8221; u predstavi \u201ePredstava Hamleta u selu Mrdu\u0161a Donja\u201c, najbolju mu\u0161ku epizodnu ulogu Zoranu Gruji\u0107u iz Loznice, kao ,,Kum&#8221; u predstavi \u201eZvezdana pra\u0161ina\u201c. Nagrada za \u017eensku glavnu ulogu uru\u010dena je Danijeli Bo\u017ei\u0107kovi\u0107 Radulovi\u0107 iz Malog Crni\u0107a, za ulogu ,,\u017divke&#8221; u predstavi \u201eGospo\u0111a ministarka\u201c, a nagrada za najbolju mu\u0161ku glavnu ulogu dodeljena je Nemanji Lugavcu iz Ra\u010de, za ulogu ,,Harmsa&#8221; u predstavi \u201eSlu\u010daj\u201c.<\/p>\n<p>-I ove 24. Majske amaterske pozori\u0161ne sve\u010danosti su zavr\u0161ene, sve je proteklo na jednom i vi\u0161e nego zadovoljavaju\u0107em nivou, i \u0161to se ti\u010de nas iz organizacije, i \u0161to se ti\u010de samih u\u010desnika, a po publici i njihovim reakcijama smo videli, tokom svih ovih dana, da su i oni bili odu\u0161evljeni predstavama. Ono \u0161to je zna\u010dajno za ovu manifestaciju je da je publika bila divna, da su i amaterska pozori\u0161ta a i prfesionalci koji su odigrali svoju predstavu bili zadovoljni reakcijama, izjavila je Vlatka Milenkovi\u0107, direktorka Centra za kulturu \u201eSveti Stefan despot srpski\u201c.<\/p>\n<div id='gallery-1' class='gallery galleryid-17920 gallery-columns-3 gallery-size-full'><figure class='gallery-item'>\n\t\t\t<div class='gallery-icon landscape'>\n\t\t\t\t<a href='https:\/\/centralmedia.rs\/index.php\/2019\/05\/24\/nagrada-slavoljub-vulic-pripala-pozoristu-iz-loznice-na-24-maps-u-plazanu\/nagradjeni-9\/'><img loading=\"lazy\" decoding=\"async\" width=\"960\" height=\"720\" src=\"https:\/\/centralmedia.rs\/wp-content\/uploads\/2019\/05\/nagradjeni.jpg\" class=\"attachment-full size-full\" alt=\"\" srcset=\"https:\/\/centralmedia.rs\/wp-content\/uploads\/2019\/05\/nagradjeni.jpg 960w, https:\/\/centralmedia.rs\/wp-content\/uploads\/2019\/05\/nagradjeni-300x225.jpg 300w, https:\/\/centralmedia.rs\/wp-content\/uploads\/2019\/05\/nagradjeni-768x576.jpg 768w, https:\/\/centralmedia.rs\/wp-content\/uploads\/2019\/05\/nagradjeni-560x420.jpg 560w, https:\/\/centralmedia.rs\/wp-content\/uploads\/2019\/05\/nagradjeni-80x60.jpg 80w, https:\/\/centralmedia.rs\/wp-content\/uploads\/2019\/05\/nagradjeni-100x75.jpg 100w, https:\/\/centralmedia.rs\/wp-content\/uploads\/2019\/05\/nagradjeni-180x135.jpg 180w, https:\/\/centralmedia.rs\/wp-content\/uploads\/2019\/05\/nagradjeni-238x178.jpg 238w, https:\/\/centralmedia.rs\/wp-content\/uploads\/2019\/05\/nagradjeni-640x480.jpg 640w, https:\/\/centralmedia.rs\/wp-content\/uploads\/2019\/05\/nagradjeni-681x511.jpg 681w\" sizes=\"(max-width: 960px) 100vw, 960px\" \/><\/a>\n\t\t\t<\/div><\/figure><figure class='gallery-item'>\n\t\t\t<div class='gallery-icon landscape'>\n\t\t\t\t<a href='https:\/\/centralmedia.rs\/index.php\/2019\/05\/24\/nagrada-slavoljub-vulic-pripala-pozoristu-iz-loznice-na-24-maps-u-plazanu\/maps2\/'><img loading=\"lazy\" decoding=\"async\" width=\"960\" height=\"720\" src=\"https:\/\/centralmedia.rs\/wp-content\/uploads\/2019\/05\/maps2.jpg\" class=\"attachment-full size-full\" alt=\"\" srcset=\"https:\/\/centralmedia.rs\/wp-content\/uploads\/2019\/05\/maps2.jpg 960w, https:\/\/centralmedia.rs\/wp-content\/uploads\/2019\/05\/maps2-300x225.jpg 300w, https:\/\/centralmedia.rs\/wp-content\/uploads\/2019\/05\/maps2-768x576.jpg 768w, https:\/\/centralmedia.rs\/wp-content\/uploads\/2019\/05\/maps2-560x420.jpg 560w, https:\/\/centralmedia.rs\/wp-content\/uploads\/2019\/05\/maps2-80x60.jpg 80w, https:\/\/centralmedia.rs\/wp-content\/uploads\/2019\/05\/maps2-100x75.jpg 100w, https:\/\/centralmedia.rs\/wp-content\/uploads\/2019\/05\/maps2-180x135.jpg 180w, https:\/\/centralmedia.rs\/wp-content\/uploads\/2019\/05\/maps2-238x178.jpg 238w, https:\/\/centralmedia.rs\/wp-content\/uploads\/2019\/05\/maps2-640x480.jpg 640w, https:\/\/centralmedia.rs\/wp-content\/uploads\/2019\/05\/maps2-681x511.jpg 681w\" sizes=\"(max-width: 960px) 100vw, 960px\" \/><\/a>\n\t\t\t<\/div><\/figure><figure class='gallery-item'>\n\t\t\t<div class='gallery-icon landscape'>\n\t\t\t\t<a href='https:\/\/centralmedia.rs\/index.php\/2019\/05\/24\/nagrada-slavoljub-vulic-pripala-pozoristu-iz-loznice-na-24-maps-u-plazanu\/nagradjeni1\/'><img loading=\"lazy\" decoding=\"async\" width=\"960\" height=\"720\" src=\"https:\/\/centralmedia.rs\/wp-content\/uploads\/2019\/05\/nagradjeni1.jpg\" class=\"attachment-full size-full\" alt=\"\" srcset=\"https:\/\/centralmedia.rs\/wp-content\/uploads\/2019\/05\/nagradjeni1.jpg 960w, https:\/\/centralmedia.rs\/wp-content\/uploads\/2019\/05\/nagradjeni1-300x225.jpg 300w, https:\/\/centralmedia.rs\/wp-content\/uploads\/2019\/05\/nagradjeni1-768x576.jpg 768w, https:\/\/centralmedia.rs\/wp-content\/uploads\/2019\/05\/nagradjeni1-560x420.jpg 560w, https:\/\/centralmedia.rs\/wp-content\/uploads\/2019\/05\/nagradjeni1-80x60.jpg 80w, https:\/\/centralmedia.rs\/wp-content\/uploads\/2019\/05\/nagradjeni1-100x75.jpg 100w, https:\/\/centralmedia.rs\/wp-content\/uploads\/2019\/05\/nagradjeni1-180x135.jpg 180w, https:\/\/centralmedia.rs\/wp-content\/uploads\/2019\/05\/nagradjeni1-238x178.jpg 238w, https:\/\/centralmedia.rs\/wp-content\/uploads\/2019\/05\/nagradjeni1-640x480.jpg 640w, https:\/\/centralmedia.rs\/wp-content\/uploads\/2019\/05\/nagradjeni1-681x511.jpg 681w\" sizes=\"(max-width: 960px) 100vw, 960px\" \/><\/a>\n\t\t\t<\/div><\/figure>\n\t\t<\/div>\n\n<p>U organizaciji Centra za kulturu \u201eSveti Stefan despot srpski\u201c a pod pokroviteljstvom Op\u0161tine Despotovac, od 13. do 19. maja, u sali Doma kulture u Pla\u017eanu odr\u017eane su 24. Majske amaterske pozori\u0161ne sve\u010danosti (MAPS). Tokom ovih nedelju dana publika je imala prilike da pogleda i oceni \u0161est predstava, pozori\u0161ta iz Starog Sela, Resavice, Ra\u010de, Loznice, Kostolca i Malog Crni\u0107a, a pored takmi\u010darskog dela u revijalnom delu nastupila su i pozori\u0161na trupa iz Beograda, kao i Pred\u0161kolska ustanova \u201eRada Miljkovi\u0107\u201c iz Despotovca.<\/p>\n<p>Manifestaciju je otvorilo pozori\u0161te iz Starog Sela \u201eVlada Marjanovi\u0107\u201c, predstavom \u201eKraj vikenda\u201c, posle ove predstave svake ve\u010deri je puna sala Doma kulture mnogobrojnim aplauzima nagra\u0111ivala i ostale predstave, \u201eNe\u0107u ku\u0107i\u201c pozori\u0161ta Resavica, drama \u201eSlu\u010daj\u201c pozori\u0161ta Kulturnog centra \u201eRadoje Domanovi\u0107\u201c iz Ra\u010de, \u201eZvezdana pra\u0161ina\u201c pozori\u0161ta KUD \u201eKarad\u017ei\u0107\u201c iz Loznice, potom predstava \u201ePredstava Hamleta u selu Mrdu\u0161a Donja\u201c pozori\u0161ta \u201eCastellum\u201c iz Kostolca i pretposlednjeg dana MAPS-a odigrana je \u201eGospo\u0111a ministarka\u201c pozori\u0161ta Centra za kulturu Malo Crni\u0107e.<\/p>\n<p>Nakon dodele nagrada, revijalni deo i poslednje ve\u010de MAPS-a publici je donelo predstavu \u201eOtka\u010dene\u201c pozori\u0161ne trupe \u201eMonicart\u201c iz Beograda, u kojoj su uloge tuma\u010dili Monika Romi\u0107, Slavica Ljuji\u0107, Zlatija Ivanovi\u0107, Danica Radulovi\u0107, Jovana Mladenovi\u0107, Marko Stojanovi\u0107 i Boris Milivojevi\u0107.<\/p>\n<p>&nbsp;<\/p>\n","protected":false},"excerpt":{"rendered":"<p>DESPOTOVAC- Najboljom predstavom 24. Majskih amaterskih pozori\u0161nih sve\u010danosti u Pala\u017eanu kod Despotovca, jednoglasno publika i \u017eiri, progla\u0161ena predstava \u201eZvezdana pra\u0161ina\u201c Pozo ri\u0161ta iz Loznice koja &hellip; <\/p>\n","protected":false},"author":2,"featured_media":17921,"comment_status":"open","ping_status":"open","sticky":false,"template":"","format":"standard","meta":{"footnotes":""},"categories":[1518,1524,2,15,887,12],"tags":[3749,51,1237],"_links":{"self":[{"href":"https:\/\/centralmedia.rs\/index.php\/wp-json\/wp\/v2\/posts\/17920"}],"collection":[{"href":"https:\/\/centralmedia.rs\/index.php\/wp-json\/wp\/v2\/posts"}],"about":[{"href":"https:\/\/centralmedia.rs\/index.php\/wp-json\/wp\/v2\/types\/post"}],"author":[{"embeddable":true,"href":"https:\/\/centralmedia.rs\/index.php\/wp-json\/wp\/v2\/users\/2"}],"replies":[{"embeddable":true,"href":"https:\/\/centralmedia.rs\/index.php\/wp-json\/wp\/v2\/comments?post=17920"}],"version-history":[{"count":1,"href":"https:\/\/centralmedia.rs\/index.php\/wp-json\/wp\/v2\/posts\/17920\/revisions"}],"predecessor-version":[{"id":17924,"href":"https:\/\/centralmedia.rs\/index.php\/wp-json\/wp\/v2\/posts\/17920\/revisions\/17924"}],"wp:featuredmedia":[{"embeddable":true,"href":"https:\/\/centralmedia.rs\/index.php\/wp-json\/wp\/v2\/media\/17921"}],"wp:attachment":[{"href":"https:\/\/centralmedia.rs\/index.php\/wp-json\/wp\/v2\/media?parent=17920"}],"wp:term":[{"taxonomy":"category","embeddable":true,"href":"https:\/\/centralmedia.rs\/index.php\/wp-json\/wp\/v2\/categories?post=17920"},{"taxonomy":"post_tag","embeddable":true,"href":"https:\/\/centralmedia.rs\/index.php\/wp-json\/wp\/v2\/tags?post=17920"}],"curies":[{"name":"wp","href":"https:\/\/api.w.org\/{rel}","templated":true}]}}