{"id":17940,"date":"2019-05-24T22:56:53","date_gmt":"2019-05-24T22:56:53","guid":{"rendered":"http:\/\/centralmedia.rs\/?p=17940"},"modified":"2019-06-01T18:33:21","modified_gmt":"2019-06-01T18:33:21","slug":"nagrade-za-pu-rada-miljkovic-na-drzavnom-festivalu-decijih-dramskih-radosti-u-smederevu","status":"publish","type":"post","link":"https:\/\/centralmedia.rs\/index.php\/2019\/05\/24\/nagrade-za-pu-rada-miljkovic-na-drzavnom-festivalu-decijih-dramskih-radosti-u-smederevu\/","title":{"rendered":"NAGRADE ZA PU \u201eRADA MILjKOVI\u0106\u201c NA DR\u017dAVNOM FESTIVALU DE\u010cIJIH DRAMSKIH RADOSTI U SMEDEREVU"},"content":{"rendered":"<p>DESPOTOVAC- Na 15. Festivalu de\u010dijih dramskih radosti \u2013 DEDAR, odr\u017eanom u Smederevu, PU \u201eRada Miljkovi\u0107\u201c iz Despotovca osvojila je dve nagrade. Prvo mesto je osvojila predstava \u201eCrvenkapa i zbunjeni vuk\u201c u kategoriji pozori\u0161na prezentacija vaspita\u010da, a u kategoriji pozori\u0161na prezentacija dece i vaspita\u010da, predstava \u201eStra\u0161ni gusari\u201c osvojila je drugo mesto.<\/p>\n<p>&#8211; Ove nagrade su satisfakcija za dalji rad, to jeste samo jedan papir koji potvr\u0111uje uspeh sa ovog festivala, ali je tako\u0111e i veliki motiv za dalji rad, za dodatnu energiju da pru\u017eimo \u0161to vi\u0161e mo\u017eemo deci kako bi izrasli u vredne, po\u0161tene i dobre ljude, jer deca su osnov i stub jednog dru\u0161tva. Zahvaljujem se i mojim kolegama i koleginicama na fantasti\u010dnoj dugogodi\u0161njoj saradnji \u010diji su plod upravo dobar rad i ovakve nagrade\u201c, bile su re\u010di Vere Stojkovi\u0107, direktorke PU \u201eRada Miljkovi\u0107\u201c.<\/p>\n<div id='gallery-1' class='gallery galleryid-17940 gallery-columns-2 gallery-size-thumbnail'><figure class='gallery-item'>\n\t\t\t<div class='gallery-icon landscape'>\n\t\t\t\t<a href='https:\/\/centralmedia.rs\/index.php\/2019\/05\/24\/nagrade-za-pu-rada-miljkovic-na-drzavnom-festivalu-decijih-dramskih-radosti-u-smederevu\/dedar1\/'><img loading=\"lazy\" decoding=\"async\" width=\"150\" height=\"150\" src=\"https:\/\/centralmedia.rs\/wp-content\/uploads\/2019\/05\/dedar1-150x150.jpg\" class=\"attachment-thumbnail size-thumbnail\" alt=\"\" \/><\/a>\n\t\t\t<\/div><\/figure><figure class='gallery-item'>\n\t\t\t<div class='gallery-icon landscape'>\n\t\t\t\t<a href='https:\/\/centralmedia.rs\/index.php\/2019\/05\/24\/nagrade-za-pu-rada-miljkovic-na-drzavnom-festivalu-decijih-dramskih-radosti-u-smederevu\/dedar2\/'><img loading=\"lazy\" decoding=\"async\" width=\"150\" height=\"150\" src=\"https:\/\/centralmedia.rs\/wp-content\/uploads\/2019\/05\/dedar2-150x150.jpg\" class=\"attachment-thumbnail size-thumbnail\" alt=\"\" \/><\/a>\n\t\t\t<\/div><\/figure>\n\t\t<\/div>\n\n<p>U organizaciji Pred\u0161kolske ustanove \u201eNa\u0161a radost\u201c iz Smedereva ovo je petnaesti Festival de\u010dijih dramskih radosti koji godinama unazad okuplja pred\u0161kolske ustanove iz \u010ditave Srbije, ove godine na festivalu je u\u010destvovalo devetnaest gradova sa preko dvadeset predstava.<\/p>\n","protected":false},"excerpt":{"rendered":"<p>DESPOTOVAC- Na 15. Festivalu de\u010dijih dramskih radosti \u2013 DEDAR, odr\u017eanom u Smederevu, PU \u201eRada Miljkovi\u0107\u201c iz Despotovca osvojila je dve nagrade. Prvo mesto je osvojila &hellip; <\/p>\n","protected":false},"author":2,"featured_media":17942,"comment_status":"open","ping_status":"open","sticky":false,"template":"","format":"standard","meta":{"footnotes":""},"categories":[1518,1524,2,15,887,12,1],"tags":[51,3752],"_links":{"self":[{"href":"https:\/\/centralmedia.rs\/index.php\/wp-json\/wp\/v2\/posts\/17940"}],"collection":[{"href":"https:\/\/centralmedia.rs\/index.php\/wp-json\/wp\/v2\/posts"}],"about":[{"href":"https:\/\/centralmedia.rs\/index.php\/wp-json\/wp\/v2\/types\/post"}],"author":[{"embeddable":true,"href":"https:\/\/centralmedia.rs\/index.php\/wp-json\/wp\/v2\/users\/2"}],"replies":[{"embeddable":true,"href":"https:\/\/centralmedia.rs\/index.php\/wp-json\/wp\/v2\/comments?post=17940"}],"version-history":[{"count":3,"href":"https:\/\/centralmedia.rs\/index.php\/wp-json\/wp\/v2\/posts\/17940\/revisions"}],"predecessor-version":[{"id":17946,"href":"https:\/\/centralmedia.rs\/index.php\/wp-json\/wp\/v2\/posts\/17940\/revisions\/17946"}],"wp:featuredmedia":[{"embeddable":true,"href":"https:\/\/centralmedia.rs\/index.php\/wp-json\/wp\/v2\/media\/17942"}],"wp:attachment":[{"href":"https:\/\/centralmedia.rs\/index.php\/wp-json\/wp\/v2\/media?parent=17940"}],"wp:term":[{"taxonomy":"category","embeddable":true,"href":"https:\/\/centralmedia.rs\/index.php\/wp-json\/wp\/v2\/categories?post=17940"},{"taxonomy":"post_tag","embeddable":true,"href":"https:\/\/centralmedia.rs\/index.php\/wp-json\/wp\/v2\/tags?post=17940"}],"curies":[{"name":"wp","href":"https:\/\/api.w.org\/{rel}","templated":true}]}}