{"id":1797,"date":"2016-01-07T10:59:32","date_gmt":"2016-01-07T10:59:32","guid":{"rendered":"http:\/\/centralmedia.rs\/?p=1797"},"modified":"2016-01-07T10:59:32","modified_gmt":"2016-01-07T10:59:32","slug":"paljenje-badnjaka-u-koncarevu-kod-jagodine","status":"publish","type":"post","link":"https:\/\/centralmedia.rs\/index.php\/2016\/01\/07\/paljenje-badnjaka-u-koncarevu-kod-jagodine\/","title":{"rendered":"PALJENJE BADNJAKA U KON\u010cAREVU KOD JAGODINE"},"content":{"rendered":"<p>PALMA \u2013 AMBASADORI DA ISPUNE OBE\u0106ANJE<br \/>\nJAGODINA-Predsednik Jedinstvene Srbije i Skup\u0161tine grada Jagodine, Dragan Markovi\u0107 Palma poru\u010dio je u sredu uve\u010de da Srbija ne\u0107e dozvoliti da EU odre\u0111uje proizvodne kvote za poljoprivredne proizvode i pozvao zapadne ambasadore da ispune obe\u0107anje o ulasku Srbije u EU.<br \/>\n\t&#8211; Ne\u0107emo dozvoliti da nam Evropska unija odre\u0111uje koliko \u0107e mleka, rakije ili mesa proizvoditi na\u0161 poljoprivrednik, koji mora biti autonoman po tom pitanju , rekao je Markovi\u0107 na tradicionalnom paljenju Badnjaka u rodnom Kon\u010darevu kod Jagodine, ispred crkve Svetog Jovana \u010diji je ktitor. <\/p>\n<p>-Bio sam jedan od glavnih incijatora da Srbija u\u0111e u Evropsku Uniju, taj dogovor je napravljen u Jagodini, i nikada od toga ne\u0107u odustati. Ali isto tako podse\u0107am one koji su me tada, 2008. godine ube\u0111ivali, ambasadori Nema\u010dke, Sjedinjenih Dr\u017eava, Velike Britanije, Francuske, govore\u0107i mi tada da \u0107e Srbija za pet godina u\u0107i u EU, da je pro\u0161lo 7 godina i da smo u\u0161li u osmu godinu, podsetio je Markovi\u0107.<\/p>\n<p>On je najavio da \u0107e Jagodina u naredne dve, tri godine biti najve\u0107i industrijski centar.<br \/>\n-Ima\u0107emo preko 15 stranih fabrika i svi \u0107e iz Jagodine biti zaposleni, koji \u017eele da rade. Doveli smo Ruse, Kineze, Italijane,Nemce, Austrijance i Francuze. Sada Rusija i Turska imaju problema, ali ja sam sa svojim saradnicima razgovarao sa jednim turskim investitorom koji \u0107e do kraja godine otvoriti tekstilnu fabriku u Jagodini, gde \u0107e biti zaposleno 800 ljudi. Danas na Badnji dan i veoma sam sre\u0107an \u010dovek jer sam danas zaposlio 12 ljudi u italijanskim fabrikama. Oni \u0107e od 10. januara po\u010deti da rade, istakao je Markovi\u0107 i dodao da ne\u0107e zapo\u0161ljavati u lokalnoj samoupravi i javnim preduze\u0107ima, iako ,,imamo u tom sektoru 1.266 zaposlenih, a dozvoljeno je 1.306\u201d.<br \/>\n<a href=\"https:\/\/centralmedia.rs\/wp-content\/uploads\/2016\/01\/paljenje-badnjaka-1-jagodina-dmp.jpg\" rel=\"attachment wp-att-1799\"><img loading=\"lazy\" decoding=\"async\" src=\"https:\/\/centralmedia.rs\/wp-content\/uploads\/2016\/01\/paljenje-badnjaka-1-jagodina-dmp-199x300.jpg\" alt=\"paljenje badnjaka 1-jagodina-dmp\" width=\"199\" height=\"300\" class=\"alignnone size-medium wp-image-1799\" srcset=\"https:\/\/centralmedia.rs\/wp-content\/uploads\/2016\/01\/paljenje-badnjaka-1-jagodina-dmp-199x300.jpg 199w, https:\/\/centralmedia.rs\/wp-content\/uploads\/2016\/01\/paljenje-badnjaka-1-jagodina-dmp.jpg 636w\" sizes=\"(max-width: 199px) 100vw, 199px\" \/><\/a><br \/>\n-\u017delim da se svi posva\u0111ani pomire, ako su jedni drugima naneli \u0161tetu da oproste i da se ne sva\u0111amo zato \u0161to neko druga\u010dije misli. Da po\u0161tujemo tu\u0111e mi\u0161ljenje, a da radimo ono \u0161to je najbolje za Srbiju, naglasio je Markovi\u0107.<br \/>\nPorodica Markovi\u0107, sve\u0161tenstvo i me\u0161tani Kon\u010dareva sa gostima obi\u0161li su unutra\u0161njost crkve Svetog Jovana, koja \u0107e biti otvorena 26. juna ove godine.<br \/>\nG.J.<br \/>\nPROTEST ZBOG NAPADA NA SRBE U \u0110AKOVICI<br \/>\n&#8211; \u017delim da ve\u010deras izrazim protest zbog napada kosovskih Albanaca na Srbe u \u0110akovici koji su do\u0161li da proslave Badnje ve\u010de. Srbi su morali da uz jake policijske snage u\u0111u u svoju crkvu i to je jo\u0161 jedan dokaz da ne postoji bezbednost za Srbe na Kosovu i Metohiji. O\u010dekujem od me\u0111unarodne zajednice da ve\u0107 sutra reaguje. Mi Srbi koji se bavimo politikom i ceo srpski narod \u010destitali smo drugim veroispovestima i Katoli\u010dki bo\u017ei\u0107 i Bajram i uvek \u0107emo tako raditi, ali to o\u010dekujemo i od drugih, rekao je Markovi\u0107.<br \/>\nIZVINJENjE<br \/>\n&#8211; Ja i moja porodica se izvinjavamo me\u0161tanima Kon\u010dareva \u0161to crkva Svetog Jovana do sada nije zavr\u0161ena do ove Badnje ve\u010deri, kako smo planirali, ali se i dalje rade freske \u0161to je veoma zahtevan posao i ve\u010deras sam dogovorio sa Vladikom \u0160umadijskim Jovanom da osve\u0161tanje crkve bude 26. juna ove godine, najavio je Markovi\u0107.<\/p>\n","protected":false},"excerpt":{"rendered":"<p>PALMA \u2013 AMBASADORI DA ISPUNE OBE\u0106ANJE JAGODINA-Predsednik Jedinstvene Srbije i Skup\u0161tine grada Jagodine, Dragan Markovi\u0107 Palma poru\u010dio je u sredu uve\u010de da Srbija ne\u0107e dozvoliti &hellip; <\/p>\n","protected":false},"author":4,"featured_media":1798,"comment_status":"open","ping_status":"open","sticky":false,"template":"","format":"standard","meta":{"footnotes":""},"categories":[2,13,12],"tags":[438,58,440,120],"_links":{"self":[{"href":"https:\/\/centralmedia.rs\/index.php\/wp-json\/wp\/v2\/posts\/1797"}],"collection":[{"href":"https:\/\/centralmedia.rs\/index.php\/wp-json\/wp\/v2\/posts"}],"about":[{"href":"https:\/\/centralmedia.rs\/index.php\/wp-json\/wp\/v2\/types\/post"}],"author":[{"embeddable":true,"href":"https:\/\/centralmedia.rs\/index.php\/wp-json\/wp\/v2\/users\/4"}],"replies":[{"embeddable":true,"href":"https:\/\/centralmedia.rs\/index.php\/wp-json\/wp\/v2\/comments?post=1797"}],"version-history":[{"count":0,"href":"https:\/\/centralmedia.rs\/index.php\/wp-json\/wp\/v2\/posts\/1797\/revisions"}],"wp:featuredmedia":[{"embeddable":true,"href":"https:\/\/centralmedia.rs\/index.php\/wp-json\/wp\/v2\/media\/1798"}],"wp:attachment":[{"href":"https:\/\/centralmedia.rs\/index.php\/wp-json\/wp\/v2\/media?parent=1797"}],"wp:term":[{"taxonomy":"category","embeddable":true,"href":"https:\/\/centralmedia.rs\/index.php\/wp-json\/wp\/v2\/categories?post=1797"},{"taxonomy":"post_tag","embeddable":true,"href":"https:\/\/centralmedia.rs\/index.php\/wp-json\/wp\/v2\/tags?post=1797"}],"curies":[{"name":"wp","href":"https:\/\/api.w.org\/{rel}","templated":true}]}}