{"id":17982,"date":"2019-05-25T15:42:25","date_gmt":"2019-05-25T15:42:25","guid":{"rendered":"http:\/\/centralmedia.rs\/?p=17982"},"modified":"2019-06-01T18:32:36","modified_gmt":"2019-06-01T18:32:36","slug":"paracinski-zavicajni-muzej-u-ime-naroda","status":"publish","type":"post","link":"https:\/\/centralmedia.rs\/index.php\/2019\/05\/25\/paracinski-zavicajni-muzej-u-ime-naroda\/","title":{"rendered":"PARA\u0106INSKI ZAVI\u010cAJNI MUZEJ  U ime naroda!"},"content":{"rendered":"<p>PARA\u0106IN- \u00a0U organizaciji \u00a0Zavi\u010dajnog muzeja Para\u0107in odr\u017eana je Tribina suo\u010davanje sa totalitarnim nasle\u0111em i revizija istorije, koja se realizuje u okviru istorijskog projekta ,,U ime naroda&#8221;. U\u010destvovali su<br \/>\ndr Predrag J. Markovi\u0107, dr Bojan Dimitrijevi\u0107 i dr Sr\u0111an Cvetkovi\u0107<\/p>\n<p><img loading=\"lazy\" decoding=\"async\" class=\"alignnone wp-image-17984 size-large\" src=\"http:\/\/centralmedia.rs\/wp-content\/uploads\/2019\/05\/U-IME-NARODA1-1024x498.jpg\" alt=\"\" width=\"640\" height=\"311\" srcset=\"https:\/\/centralmedia.rs\/wp-content\/uploads\/2019\/05\/U-IME-NARODA1-1024x498.jpg 1024w, https:\/\/centralmedia.rs\/wp-content\/uploads\/2019\/05\/U-IME-NARODA1-300x146.jpg 300w, https:\/\/centralmedia.rs\/wp-content\/uploads\/2019\/05\/U-IME-NARODA1-768x374.jpg 768w, https:\/\/centralmedia.rs\/wp-content\/uploads\/2019\/05\/U-IME-NARODA1-863x420.jpg 863w, https:\/\/centralmedia.rs\/wp-content\/uploads\/2019\/05\/U-IME-NARODA1-640x311.jpg 640w, https:\/\/centralmedia.rs\/wp-content\/uploads\/2019\/05\/U-IME-NARODA1-681x331.jpg 681w, https:\/\/centralmedia.rs\/wp-content\/uploads\/2019\/05\/U-IME-NARODA1.jpg 1317w\" sizes=\"(max-width: 640px) 100vw, 640px\" \/><\/p>\n<p>Na Tribini \u00a0su istori\u010dari govorili o nasle\u0111u komunisti\u010dkog re\u017eima u Srbiji. Koji su putevi prevazila\u017eenja? Koja i kakva revizija nam je potrebna? Srpska istoriografija izmedju revizije i dogme? Predhodno je 13. maja u Muzeju je otvorena izlo\u017eba &#8220;U ime naroda! Represija u Srbiji 1944 &#8211; 1953&#8221; autora istori\u010dara dr Sr\u0111ana Cvetkovi\u0107a sa Instituta za savremenu istoriju. Nakon otvaranja odr\u017eano je autorsko stru\u010dno vo\u0111enje kroz izlo\u017ebu, gde je pored autora govorio i Neboj\u0161a Damnjanovi\u0107, muzejski savetnik Istorijskog muzeja Srbije. Ovom izlo\u017ebom ujedno je otvorena i manifestacija &#8220;Muzeji za 10&#8221;.<\/p>\n","protected":false},"excerpt":{"rendered":"<p>PARA\u0106IN- \u00a0U organizaciji \u00a0Zavi\u010dajnog muzeja Para\u0107in odr\u017eana je Tribina suo\u010davanje sa totalitarnim nasle\u0111em i revizija istorije, koja se realizuje u okviru istorijskog projekta ,,U ime &hellip; <\/p>\n","protected":false},"author":2,"featured_media":17983,"comment_status":"open","ping_status":"open","sticky":false,"template":"","format":"standard","meta":{"footnotes":""},"categories":[1524,2,15,1516,887,12],"tags":[156,3693],"_links":{"self":[{"href":"https:\/\/centralmedia.rs\/index.php\/wp-json\/wp\/v2\/posts\/17982"}],"collection":[{"href":"https:\/\/centralmedia.rs\/index.php\/wp-json\/wp\/v2\/posts"}],"about":[{"href":"https:\/\/centralmedia.rs\/index.php\/wp-json\/wp\/v2\/types\/post"}],"author":[{"embeddable":true,"href":"https:\/\/centralmedia.rs\/index.php\/wp-json\/wp\/v2\/users\/2"}],"replies":[{"embeddable":true,"href":"https:\/\/centralmedia.rs\/index.php\/wp-json\/wp\/v2\/comments?post=17982"}],"version-history":[{"count":1,"href":"https:\/\/centralmedia.rs\/index.php\/wp-json\/wp\/v2\/posts\/17982\/revisions"}],"predecessor-version":[{"id":17985,"href":"https:\/\/centralmedia.rs\/index.php\/wp-json\/wp\/v2\/posts\/17982\/revisions\/17985"}],"wp:featuredmedia":[{"embeddable":true,"href":"https:\/\/centralmedia.rs\/index.php\/wp-json\/wp\/v2\/media\/17983"}],"wp:attachment":[{"href":"https:\/\/centralmedia.rs\/index.php\/wp-json\/wp\/v2\/media?parent=17982"}],"wp:term":[{"taxonomy":"category","embeddable":true,"href":"https:\/\/centralmedia.rs\/index.php\/wp-json\/wp\/v2\/categories?post=17982"},{"taxonomy":"post_tag","embeddable":true,"href":"https:\/\/centralmedia.rs\/index.php\/wp-json\/wp\/v2\/tags?post=17982"}],"curies":[{"name":"wp","href":"https:\/\/api.w.org\/{rel}","templated":true}]}}