{"id":17986,"date":"2019-05-25T15:46:59","date_gmt":"2019-05-25T15:46:59","guid":{"rendered":"http:\/\/centralmedia.rs\/?p=17986"},"modified":"2019-06-01T18:32:28","modified_gmt":"2019-06-01T18:32:28","slug":"vidovdanske-svecanosti-na-manifestu","status":"publish","type":"post","link":"https:\/\/centralmedia.rs\/index.php\/2019\/05\/25\/vidovdanske-svecanosti-na-manifestu\/","title":{"rendered":"VIDOVDANSKE SVE\u010cANOSTI NA MANIFESTU"},"content":{"rendered":"<p>BEOGRAD- Na 5. Manifestu Turisti\u010dka organizacija \u0106uprija je danas na Kalemegdanu predstavila Vidovdanske sve\u010danosti, posetioce su do\u010dekivali Knez Lazar i Knjeginja Milica. Vidovdanske sve\u010danosti odr\u017eavaju se u manastiru Ravanica, zadu\u017ebini Kneza Lazara, kod \u0106uprije. O\u010dekuje se da bajkeri najave Moto skup i dvodnevni muzi\u010dki spektakl.<\/p>\n<div id='gallery-1' class='gallery galleryid-17986 gallery-columns-3 gallery-size-thumbnail'><figure class='gallery-item'>\n\t\t\t<div class='gallery-icon landscape'>\n\t\t\t\t<a href='https:\/\/centralmedia.rs\/index.php\/2019\/05\/25\/vidovdanske-svecanosti-na-manifestu\/knez-lazar-i-knjeginja-milica1\/'><img loading=\"lazy\" decoding=\"async\" width=\"150\" height=\"150\" src=\"https:\/\/centralmedia.rs\/wp-content\/uploads\/2019\/05\/knez-lazar-i-knjeginja-milica1-150x150.jpg\" class=\"attachment-thumbnail size-thumbnail\" alt=\"\" \/><\/a>\n\t\t\t<\/div><\/figure><figure class='gallery-item'>\n\t\t\t<div class='gallery-icon landscape'>\n\t\t\t\t<a href='https:\/\/centralmedia.rs\/index.php\/2019\/05\/25\/vidovdanske-svecanosti-na-manifestu\/knez-lazar-i-knjeginja-milica2\/'><img loading=\"lazy\" decoding=\"async\" width=\"150\" height=\"150\" src=\"https:\/\/centralmedia.rs\/wp-content\/uploads\/2019\/05\/knez-lazar-i-knjeginja-milica2-150x150.jpg\" class=\"attachment-thumbnail size-thumbnail\" alt=\"\" \/><\/a>\n\t\t\t<\/div><\/figure><figure class='gallery-item'>\n\t\t\t<div class='gallery-icon portrait'>\n\t\t\t\t<a href='https:\/\/centralmedia.rs\/index.php\/2019\/05\/25\/vidovdanske-svecanosti-na-manifestu\/manifest-3\/'><img loading=\"lazy\" decoding=\"async\" width=\"150\" height=\"150\" src=\"https:\/\/centralmedia.rs\/wp-content\/uploads\/2019\/05\/manifest-2-150x150.jpg\" class=\"attachment-thumbnail size-thumbnail\" alt=\"\" \/><\/a>\n\t\t\t<\/div><\/figure>\n\t\t<\/div>\n\n","protected":false},"excerpt":{"rendered":"<p>BEOGRAD- Na 5. Manifestu Turisti\u010dka organizacija \u0106uprija je danas na Kalemegdanu predstavila Vidovdanske sve\u010danosti, posetioce su do\u010dekivali Knez Lazar i Knjeginja Milica. Vidovdanske sve\u010danosti odr\u017eavaju &hellip; <\/p>\n","protected":false},"author":2,"featured_media":17987,"comment_status":"open","ping_status":"open","sticky":false,"template":"","format":"standard","meta":{"footnotes":""},"categories":[1515,1524,2,23,887,3054],"tags":[44,913],"_links":{"self":[{"href":"https:\/\/centralmedia.rs\/index.php\/wp-json\/wp\/v2\/posts\/17986"}],"collection":[{"href":"https:\/\/centralmedia.rs\/index.php\/wp-json\/wp\/v2\/posts"}],"about":[{"href":"https:\/\/centralmedia.rs\/index.php\/wp-json\/wp\/v2\/types\/post"}],"author":[{"embeddable":true,"href":"https:\/\/centralmedia.rs\/index.php\/wp-json\/wp\/v2\/users\/2"}],"replies":[{"embeddable":true,"href":"https:\/\/centralmedia.rs\/index.php\/wp-json\/wp\/v2\/comments?post=17986"}],"version-history":[{"count":4,"href":"https:\/\/centralmedia.rs\/index.php\/wp-json\/wp\/v2\/posts\/17986\/revisions"}],"predecessor-version":[{"id":17993,"href":"https:\/\/centralmedia.rs\/index.php\/wp-json\/wp\/v2\/posts\/17986\/revisions\/17993"}],"wp:featuredmedia":[{"embeddable":true,"href":"https:\/\/centralmedia.rs\/index.php\/wp-json\/wp\/v2\/media\/17987"}],"wp:attachment":[{"href":"https:\/\/centralmedia.rs\/index.php\/wp-json\/wp\/v2\/media?parent=17986"}],"wp:term":[{"taxonomy":"category","embeddable":true,"href":"https:\/\/centralmedia.rs\/index.php\/wp-json\/wp\/v2\/categories?post=17986"},{"taxonomy":"post_tag","embeddable":true,"href":"https:\/\/centralmedia.rs\/index.php\/wp-json\/wp\/v2\/tags?post=17986"}],"curies":[{"name":"wp","href":"https:\/\/api.w.org\/{rel}","templated":true}]}}