{"id":17994,"date":"2019-05-26T15:21:07","date_gmt":"2019-05-26T15:21:07","guid":{"rendered":"http:\/\/centralmedia.rs\/?p=17994"},"modified":"2019-06-01T18:32:20","modified_gmt":"2019-06-01T18:32:20","slug":"kvar-na-hladnjaci-u-svilajncu-iscuprela-mala-kolicina-amonijaka","status":"publish","type":"post","link":"https:\/\/centralmedia.rs\/index.php\/2019\/05\/26\/kvar-na-hladnjaci-u-svilajncu-iscuprela-mala-kolicina-amonijaka\/","title":{"rendered":"KVAR NA HLADNJA\u010cI U SVILAJNCU &#8211; ISCUPRELA MALA KOLI\u010cINA AMONIJAKA"},"content":{"rendered":"<p>Danas je, u prepodnevnim satima, u hladnja\u010di \u201eVO\u0106AR\u201c A.D. u Svilajncu, usled izvo\u0111enja radova, do\u0161lo do kvara na instalacijama za hla\u0111enje usled \u010dega je iscurela manja koli\u010dina amonijaka, javlja TV Centar.<br \/>\nKvar je otklonjen intervencijom Sektora za vanredne situacije Odeljenja u Jagodini i zaposlenih u hladnja\u010di \u201eVO\u0106AR\u201c A.D. u Svilajncu i nema nikakve opasnosti po zdravlje ljudi.<\/p>\n<p>Tekst i Foto : TV Centar<\/p>\n<div id='gallery-1' class='gallery galleryid-17994 gallery-columns-3 gallery-size-full'><figure class='gallery-item'>\n\t\t\t<div class='gallery-icon landscape'>\n\t\t\t\t<a href='https:\/\/centralmedia.rs\/index.php\/2019\/05\/26\/kvar-na-hladnjaci-u-svilajncu-iscuprela-mala-kolicina-amonijaka\/vocar\/'><img loading=\"lazy\" decoding=\"async\" width=\"720\" height=\"480\" src=\"https:\/\/centralmedia.rs\/wp-content\/uploads\/2019\/05\/vocar.jpg\" class=\"attachment-full size-full\" alt=\"\" srcset=\"https:\/\/centralmedia.rs\/wp-content\/uploads\/2019\/05\/vocar.jpg 720w, https:\/\/centralmedia.rs\/wp-content\/uploads\/2019\/05\/vocar-300x200.jpg 300w, https:\/\/centralmedia.rs\/wp-content\/uploads\/2019\/05\/vocar-630x420.jpg 630w, https:\/\/centralmedia.rs\/wp-content\/uploads\/2019\/05\/vocar-640x427.jpg 640w, https:\/\/centralmedia.rs\/wp-content\/uploads\/2019\/05\/vocar-681x454.jpg 681w\" sizes=\"(max-width: 720px) 100vw, 720px\" \/><\/a>\n\t\t\t<\/div><\/figure><figure class='gallery-item'>\n\t\t\t<div class='gallery-icon landscape'>\n\t\t\t\t<a href='https:\/\/centralmedia.rs\/index.php\/2019\/05\/26\/kvar-na-hladnjaci-u-svilajncu-iscuprela-mala-kolicina-amonijaka\/vocar1\/'><img loading=\"lazy\" decoding=\"async\" width=\"720\" height=\"480\" src=\"https:\/\/centralmedia.rs\/wp-content\/uploads\/2019\/05\/vocar1.jpg\" class=\"attachment-full size-full\" alt=\"\" srcset=\"https:\/\/centralmedia.rs\/wp-content\/uploads\/2019\/05\/vocar1.jpg 720w, https:\/\/centralmedia.rs\/wp-content\/uploads\/2019\/05\/vocar1-300x200.jpg 300w, https:\/\/centralmedia.rs\/wp-content\/uploads\/2019\/05\/vocar1-630x420.jpg 630w, https:\/\/centralmedia.rs\/wp-content\/uploads\/2019\/05\/vocar1-640x427.jpg 640w, https:\/\/centralmedia.rs\/wp-content\/uploads\/2019\/05\/vocar1-681x454.jpg 681w\" sizes=\"(max-width: 720px) 100vw, 720px\" \/><\/a>\n\t\t\t<\/div><\/figure><figure class='gallery-item'>\n\t\t\t<div class='gallery-icon landscape'>\n\t\t\t\t<a href='https:\/\/centralmedia.rs\/index.php\/2019\/05\/26\/kvar-na-hladnjaci-u-svilajncu-iscuprela-mala-kolicina-amonijaka\/vocar2\/'><img loading=\"lazy\" decoding=\"async\" width=\"720\" height=\"480\" src=\"https:\/\/centralmedia.rs\/wp-content\/uploads\/2019\/05\/vocar2.jpg\" class=\"attachment-full size-full\" alt=\"\" srcset=\"https:\/\/centralmedia.rs\/wp-content\/uploads\/2019\/05\/vocar2.jpg 720w, https:\/\/centralmedia.rs\/wp-content\/uploads\/2019\/05\/vocar2-300x200.jpg 300w, https:\/\/centralmedia.rs\/wp-content\/uploads\/2019\/05\/vocar2-630x420.jpg 630w, https:\/\/centralmedia.rs\/wp-content\/uploads\/2019\/05\/vocar2-640x427.jpg 640w, https:\/\/centralmedia.rs\/wp-content\/uploads\/2019\/05\/vocar2-681x454.jpg 681w\" sizes=\"(max-width: 720px) 100vw, 720px\" \/><\/a>\n\t\t\t<\/div><\/figure>\n\t\t<\/div>\n\n<p>&nbsp;<\/p>\n","protected":false},"excerpt":{"rendered":"<p>Danas je, u prepodnevnim satima, u hladnja\u010di \u201eVO\u0106AR\u201c A.D. u Svilajncu, usled izvo\u0111enja radova, do\u0161lo do kvara na instalacijama za hla\u0111enje usled \u010dega je iscurela &hellip; <\/p>\n","protected":false},"author":2,"featured_media":17995,"comment_status":"open","ping_status":"open","sticky":false,"template":"","format":"standard","meta":{"footnotes":""},"categories":[1524,20,2,887,12,1517],"tags":[3759,38,3758],"_links":{"self":[{"href":"https:\/\/centralmedia.rs\/index.php\/wp-json\/wp\/v2\/posts\/17994"}],"collection":[{"href":"https:\/\/centralmedia.rs\/index.php\/wp-json\/wp\/v2\/posts"}],"about":[{"href":"https:\/\/centralmedia.rs\/index.php\/wp-json\/wp\/v2\/types\/post"}],"author":[{"embeddable":true,"href":"https:\/\/centralmedia.rs\/index.php\/wp-json\/wp\/v2\/users\/2"}],"replies":[{"embeddable":true,"href":"https:\/\/centralmedia.rs\/index.php\/wp-json\/wp\/v2\/comments?post=17994"}],"version-history":[{"count":1,"href":"https:\/\/centralmedia.rs\/index.php\/wp-json\/wp\/v2\/posts\/17994\/revisions"}],"predecessor-version":[{"id":17998,"href":"https:\/\/centralmedia.rs\/index.php\/wp-json\/wp\/v2\/posts\/17994\/revisions\/17998"}],"wp:featuredmedia":[{"embeddable":true,"href":"https:\/\/centralmedia.rs\/index.php\/wp-json\/wp\/v2\/media\/17995"}],"wp:attachment":[{"href":"https:\/\/centralmedia.rs\/index.php\/wp-json\/wp\/v2\/media?parent=17994"}],"wp:term":[{"taxonomy":"category","embeddable":true,"href":"https:\/\/centralmedia.rs\/index.php\/wp-json\/wp\/v2\/categories?post=17994"},{"taxonomy":"post_tag","embeddable":true,"href":"https:\/\/centralmedia.rs\/index.php\/wp-json\/wp\/v2\/tags?post=17994"}],"curies":[{"name":"wp","href":"https:\/\/api.w.org\/{rel}","templated":true}]}}