{"id":18009,"date":"2019-05-28T15:46:07","date_gmt":"2019-05-28T15:46:07","guid":{"rendered":"http:\/\/centralmedia.rs\/?p=18009"},"modified":"2019-06-01T18:31:55","modified_gmt":"2019-06-01T18:31:55","slug":"trojica-policijskih-inspektora-u-paracinu-uhapsili-dostavljaca-hrane-savic-hapsenje-politicki-motivisano","status":"publish","type":"post","link":"https:\/\/centralmedia.rs\/index.php\/2019\/05\/28\/trojica-policijskih-inspektora-u-paracinu-uhapsili-dostavljaca-hrane-savic-hapsenje-politicki-motivisano\/","title":{"rendered":"TROJICA POLICIJSKIH INSPEKTORA U PARA\u0106INU UHAPSILI ,,DOSTAVLJA\u010cA&#8221; HRANE &#8211; SAVI\u0106: HAP\u0160ENJE POLITI\u010cKI MOTIVISANO"},"content":{"rendered":"<p>PARA\u0106IN- Policija je pro\u0161log petka uhapsila \u010dlana Op\u0161tinskog ve\u0107a i \u010dlana Pokreta \u201eZdrava pri\u010da\u201cu Para\u0107in \u017darka Savi\u0107a jer je pomagao prijatelju u prevozu u\u017eine za u\u010denike O\u0160 Vuk Karad\u017ei\u0107 u Poto\u010dcu. Vlasnik firme, koji snabdeva u\u017einom \u0161kolu, bio je spre\u010den to da uradi i zamolio svog prijatelja Savi\u0107a da to obavi. Savi\u0107 je deo kolacije na u vlasti u Para\u0107inu, koju predvodi Sa\u0161a Paunovi\u0107 i koga naprednjaci svakodnevno \u010daste uvredama da je ,,fa\u0161ista&#8221;, ,,lopov&#8221;, zahtevaju da ,,vrati pare&#8221;, ,,marioneta&#8221; beogradskih lidera&#8230;.. Savi\u0107 ka\u017ee da je njegovo li\u0161avanje slobode i privo\u0111enje u Policijsku stanicu politi\u010dki motivisano od strane SNS, te je najavio da \u0107e podneti prijave protiv odgovornih lica u policiji i tu\u017eila\u0161tvu zbog prekora\u010denja ovla\u0161\u0107enja i zloupotrebe slu\u017ebene du\u017enosti. Prema njegovim re\u010dima, on je imao je rok da \u201epredje u SNS\u201c do \u010detvrtka, \u0161to su mu predlagali ,,prijatelji&#8221; iz te stranke, ali kada to nije uradio, o\u010digledni epilog je da su ga u petak policijski inspektori uhapsili u \u0161kolskom dvori\u0161tu i priveli u policijsku stanicu. Za\u0161to je policija, u ovom slu\u010daju sa trojicom inspektora, hapsila Savi\u0107a pred u\u010denicima kao najokrutnijeg kriminalca, koje mere nala\u017ee i \u0161ta proverava Osnovno tu\u017eila\u0161tvo u slu\u010daju ,,uslu\u017enog&#8221; prevoza u\u017eine, za\u0161to kontrolu, \u0161to je uobi\u010dajeno u takvim slu\u010dajevima, nisu odmah radili tr\u017ei\u0161ni, veterinarski i sanitarni inspektori&#8230; to su teme oko kojih \u0107e narednih meseci javnost, ali i nadle\u017eni u dr\u017eavnim organima suo\u010davati. Iz para\u0107inskog poverini\u0161ta SNS do sada se nisu ogla\u0161avali o ovom slu\u010daju, niti su odgovorali na sms poruke.<\/p>\n<div id='gallery-1' class='gallery galleryid-18009 gallery-columns-3 gallery-size-full'><figure class='gallery-item'>\n\t\t\t<div class='gallery-icon portrait'>\n\t\t\t\t<a href='https:\/\/centralmedia.rs\/index.php\/2019\/05\/28\/trojica-policijskih-inspektora-u-paracinu-uhapsili-dostavljaca-hrane-savic-hapsenje-politicki-motivisano\/zapisnik-v1\/'><img loading=\"lazy\" decoding=\"async\" width=\"679\" height=\"960\" src=\"https:\/\/centralmedia.rs\/wp-content\/uploads\/2019\/05\/zapisnik-v1.jpg\" class=\"attachment-full size-full\" alt=\"\" srcset=\"https:\/\/centralmedia.rs\/wp-content\/uploads\/2019\/05\/zapisnik-v1.jpg 679w, https:\/\/centralmedia.rs\/wp-content\/uploads\/2019\/05\/zapisnik-v1-212x300.jpg 212w, https:\/\/centralmedia.rs\/wp-content\/uploads\/2019\/05\/zapisnik-v1-297x420.jpg 297w, https:\/\/centralmedia.rs\/wp-content\/uploads\/2019\/05\/zapisnik-v1-640x905.jpg 640w\" sizes=\"(max-width: 679px) 100vw, 679px\" \/><\/a>\n\t\t\t<\/div><\/figure><figure class='gallery-item'>\n\t\t\t<div class='gallery-icon portrait'>\n\t\t\t\t<a href='https:\/\/centralmedia.rs\/index.php\/2019\/05\/28\/trojica-policijskih-inspektora-u-paracinu-uhapsili-dostavljaca-hrane-savic-hapsenje-politicki-motivisano\/zapisnik-v2\/'><img loading=\"lazy\" decoding=\"async\" width=\"691\" height=\"960\" src=\"https:\/\/centralmedia.rs\/wp-content\/uploads\/2019\/05\/zapisnik-v2.jpg\" class=\"attachment-full size-full\" alt=\"\" srcset=\"https:\/\/centralmedia.rs\/wp-content\/uploads\/2019\/05\/zapisnik-v2.jpg 691w, https:\/\/centralmedia.rs\/wp-content\/uploads\/2019\/05\/zapisnik-v2-216x300.jpg 216w, https:\/\/centralmedia.rs\/wp-content\/uploads\/2019\/05\/zapisnik-v2-302x420.jpg 302w, https:\/\/centralmedia.rs\/wp-content\/uploads\/2019\/05\/zapisnik-v2-640x889.jpg 640w, https:\/\/centralmedia.rs\/wp-content\/uploads\/2019\/05\/zapisnik-v2-681x946.jpg 681w\" sizes=\"(max-width: 691px) 100vw, 691px\" \/><\/a>\n\t\t\t<\/div><\/figure><figure class='gallery-item'>\n\t\t\t<div class='gallery-icon portrait'>\n\t\t\t\t<a href='https:\/\/centralmedia.rs\/index.php\/2019\/05\/28\/trojica-policijskih-inspektora-u-paracinu-uhapsili-dostavljaca-hrane-savic-hapsenje-politicki-motivisano\/zapisnik-v\/'><img loading=\"lazy\" decoding=\"async\" width=\"677\" height=\"960\" src=\"https:\/\/centralmedia.rs\/wp-content\/uploads\/2019\/05\/zapisnik-v.jpg\" class=\"attachment-full size-full\" alt=\"\" srcset=\"https:\/\/centralmedia.rs\/wp-content\/uploads\/2019\/05\/zapisnik-v.jpg 677w, https:\/\/centralmedia.rs\/wp-content\/uploads\/2019\/05\/zapisnik-v-212x300.jpg 212w, https:\/\/centralmedia.rs\/wp-content\/uploads\/2019\/05\/zapisnik-v-296x420.jpg 296w, https:\/\/centralmedia.rs\/wp-content\/uploads\/2019\/05\/zapisnik-v-640x908.jpg 640w\" sizes=\"(max-width: 677px) 100vw, 677px\" \/><\/a>\n\t\t\t<\/div><\/figure>\n\t\t<\/div>\n\n<p>&#8211; Oni su me uhapsili pod sumnjom na neko krivi\u010dno delo zbog prevoza u\u017eine, posle pretresa moje ku\u0107e nije ustanovljen ni jedan element krivi\u010dnog dela \u0161to dokazuju zapisnici, a naravno iskoristi\u0107u zakonsku mogu\u0107nost i istera\u0107emo pravdu da li je bilo kr\u0161enja ovla\u0161\u0107enja od strane policije i tu\u017eila\u0161tva. Smatram da je hap\u0161enje politi\u010dki motivisano. Poklopile su se kockice. Mo\u017eda ar\u0161ini nisu za sve isti. Veoma neprijatna situacija za mene, proveo sam dugo vremena u policiji, dao izjavu u svojstvu gra\u0111ana, nisam osumnji\u010den, nisam okrivljen, nisam ni\u0161ta&#8230;. Zato \u0161to se to tako odigrava daje mi sumnju. Verovatno je namera da me osramote ako nisam kod njih, da i drugom ne trebam. Moj prijatelj je u \u010dudu, zaprepa\u0161\u0107en \u0161ta se desilo. Morao je suprugu da odveze na intervenciju u medicinsku ustanovu. I on je dao izjavu, danasu su bile razne inspekcije u njegovom lokalu, utvr\u0111uju \u010dinjeni\u010dno stanje, pri\u010da, jo\u0161 uvek u neverici, Savi\u0107.<\/p>\n<div id='gallery-2' class='gallery galleryid-18009 gallery-columns-2 gallery-size-full'><figure class='gallery-item'>\n\t\t\t<div class='gallery-icon portrait'>\n\t\t\t\t<a href='https:\/\/centralmedia.rs\/index.php\/2019\/05\/28\/trojica-policijskih-inspektora-u-paracinu-uhapsili-dostavljaca-hrane-savic-hapsenje-politicki-motivisano\/zapisnik-1-2\/'><img loading=\"lazy\" decoding=\"async\" width=\"669\" height=\"960\" src=\"https:\/\/centralmedia.rs\/wp-content\/uploads\/2019\/05\/zapisnik-1.jpg\" class=\"attachment-full size-full\" alt=\"\" srcset=\"https:\/\/centralmedia.rs\/wp-content\/uploads\/2019\/05\/zapisnik-1.jpg 669w, https:\/\/centralmedia.rs\/wp-content\/uploads\/2019\/05\/zapisnik-1-209x300.jpg 209w, https:\/\/centralmedia.rs\/wp-content\/uploads\/2019\/05\/zapisnik-1-293x420.jpg 293w, https:\/\/centralmedia.rs\/wp-content\/uploads\/2019\/05\/zapisnik-1-640x918.jpg 640w\" sizes=\"(max-width: 669px) 100vw, 669px\" \/><\/a>\n\t\t\t<\/div><\/figure><figure class='gallery-item'>\n\t\t\t<div class='gallery-icon portrait'>\n\t\t\t\t<a href='https:\/\/centralmedia.rs\/index.php\/2019\/05\/28\/trojica-policijskih-inspektora-u-paracinu-uhapsili-dostavljaca-hrane-savic-hapsenje-politicki-motivisano\/zapisnik-3\/'><img loading=\"lazy\" decoding=\"async\" width=\"663\" height=\"960\" src=\"https:\/\/centralmedia.rs\/wp-content\/uploads\/2019\/05\/zapisnik.jpg\" class=\"attachment-full size-full\" alt=\"\" srcset=\"https:\/\/centralmedia.rs\/wp-content\/uploads\/2019\/05\/zapisnik.jpg 663w, https:\/\/centralmedia.rs\/wp-content\/uploads\/2019\/05\/zapisnik-207x300.jpg 207w, https:\/\/centralmedia.rs\/wp-content\/uploads\/2019\/05\/zapisnik-290x420.jpg 290w, https:\/\/centralmedia.rs\/wp-content\/uploads\/2019\/05\/zapisnik-640x927.jpg 640w\" sizes=\"(max-width: 663px) 100vw, 663px\" \/><\/a>\n\t\t\t<\/div><\/figure>\n\t\t<\/div>\n\n<p>On ka\u017ee da bi voleo da se sve ovo razre\u0161i, ali i da \u0107e pitanje ,,prijatelja&#8221; koji su mi savetovali da pre\u0111e u SNS do\u0107i na red.<\/p>\n<p>&#8211; ,,Prijatelji&#8221; iz SNS mi se posle hap\u0161enja nisu ni obratili, zbog toga i sumnjam jer se ne javljaju posle svega. Ne verujem da bih prihvatio bilo kakvu njihovu pomo\u0107 ubudu\u0107e, jer sam ljut na njih zbog poku\u0161aja su ru\u0161e moj autoritet i integritet. Nisam tako vaspitan i ne mogu to shvatim, tako ne\u0161to do sada nisam video, \u0161kolovao sam se za ne\u0161to drugo. \u017dao mi \u0161to \u017eivimo u takvom dru\u0161tvu, ali nemamo gde drugde. Na\u017ealost ovo je samo po\u010detak u Para\u0107inu, tek \u0107e biti mnogo toga. Sigurno je vi\u0161e od igre i politike. Nemo\u0107an sam da bilo \u0161ta promenim. Svakako svom prijatelju bih pomogao, pa neka se to oni smatraju krivi\u010dnim delom, uveren je Savi\u0107 i dodaje da su sve kontrole mogle nadle\u017ene inspekcije da obave u dvori\u0161tu \u0161kole, te da nije bila potrebna policija.<\/p>\n<p>Posle izjave u policiji, inspektori su mu pretresli celu ku\u0107u kako bi proverili, pretpostavku i sumnju, da li \u00a0proizvodi u\u010deni\u010dke u\u017eine. Njemu je delovalo da inspektori policije tra\u017ee i bilo \u0161ta \u0161to bi moglo da bude dokaz za bilo kakvo krivi\u010dno delo. Policijski inspektori su obavili pretres cele Savi\u0107eve ku\u0107e, njemu se \u010dinilo ,,kao da su tra\u017eili oru\u017eje, drogu ne znam ni ja \u0161ta\u2026ja sam obi\u010dan \u010dovek, poljoprivrednik, malo je re\u0107i da smo svi u ku\u0107i bili \u0161okirani&#8221;. Pretreseno je kompletno seosko doma\u0107instvo. Policajci nisu prona\u0161li ni jedan jedini element koji bi naveo na bilo koje krivi\u010dno delo.<\/p>\n<p>-Me\u0111utim, i jedna takva mala usluga prijatelju poslu\u017eila je politi\u010dkim neistomi\u0161ljenicima za zloupotrebu. Dan pre toga, u \u010detvrtak istekao je rok, kako mi je poru\u010deno, da pre\u0111em u SNS u Para\u0107inu. Policijsko privo\u0111enje je izvr\u0161eno u petak. Ceo ovaj doga\u0111aj posmatram kao pritisak od strane SNS u Para\u0107inu potpomognut medijskom hajkom na neregestrovanim izmi\u0161ljenim portalima koje kontroli\u0161e i ure\u0111uje SNS, potvr\u0111uje Savi\u0107 u izjavi medijima.<\/p>\n<div id='gallery-3' class='gallery galleryid-18009 gallery-columns-3 gallery-size-thumbnail'><figure class='gallery-item'>\n\t\t\t<div class='gallery-icon landscape'>\n\t\t\t\t<a href='https:\/\/centralmedia.rs\/index.php\/2019\/05\/28\/trojica-policijskih-inspektora-u-paracinu-uhapsili-dostavljaca-hrane-savic-hapsenje-politicki-motivisano\/prijatelji-savic-i-gligorijevic2\/'><img loading=\"lazy\" decoding=\"async\" width=\"150\" height=\"150\" src=\"https:\/\/centralmedia.rs\/wp-content\/uploads\/2019\/05\/prijatelji-savic-i-gligorijevic2-150x150.jpg\" class=\"attachment-thumbnail size-thumbnail\" alt=\"\" \/><\/a>\n\t\t\t<\/div><\/figure><figure class='gallery-item'>\n\t\t\t<div class='gallery-icon landscape'>\n\t\t\t\t<a href='https:\/\/centralmedia.rs\/index.php\/2019\/05\/28\/trojica-policijskih-inspektora-u-paracinu-uhapsili-dostavljaca-hrane-savic-hapsenje-politicki-motivisano\/prijatelji-savic-i-gligorijevic3\/'><img loading=\"lazy\" decoding=\"async\" width=\"150\" height=\"150\" src=\"https:\/\/centralmedia.rs\/wp-content\/uploads\/2019\/05\/prijatelji-savic-i-gligorijevic3-150x150.jpg\" class=\"attachment-thumbnail size-thumbnail\" alt=\"\" \/><\/a>\n\t\t\t<\/div><\/figure><figure class='gallery-item'>\n\t\t\t<div class='gallery-icon landscape'>\n\t\t\t\t<a href='https:\/\/centralmedia.rs\/index.php\/2019\/05\/28\/trojica-policijskih-inspektora-u-paracinu-uhapsili-dostavljaca-hrane-savic-hapsenje-politicki-motivisano\/prijatelji-savic-i-gligorijevic4\/'><img loading=\"lazy\" decoding=\"async\" width=\"150\" height=\"150\" src=\"https:\/\/centralmedia.rs\/wp-content\/uploads\/2019\/05\/prijatelji-savic-i-gligorijevic4-150x150.jpg\" class=\"attachment-thumbnail size-thumbnail\" alt=\"\" \/><\/a>\n\t\t\t<\/div><\/figure>\n\t\t<\/div>\n\n<p>DO POMO\u0106I, DO HAP\u0160ENJA PRIJATELJA<\/p>\n<p>Sr\u0111an Gligorijevi\u0107 vlasnik firme \u201eBasler\u201c iz Varvarina koja zvani\u010dno dostavlja u\u017einu para\u0107inskim \u0161kolama, ka\u017ee da je Savi\u0107eva dobrota i usluga za koju ga je zamolio, napravila problem zbog \u010dega mu je jako \u017eao.<\/p>\n<p>&#8211; Moja supruga je operisala vene u Klini\u010dkom centru u Ni\u0161u i mi smo tog dana morali da budemo na kontroli u 9 sati ujutru. Probao sam da zamolim doktora da pregled pomerimo za 12 sati kako bismo stigli da razvezemo u\u017einu, ali doktor nije mogao jer je ve\u0107 imao mnogo zakazanih pregleda. \u017darko i ja smo prijatelji iz \u0161kole, a on, s obzirom da je iz sela Ra\u0161evica odli\u010dno poznaje celu para\u0107insku op\u0161tinu i sve \u0161kole po selima Svojnovo, Poto\u010dac, Tre\u0161njevica. Zato sam njega zamolio da mi u\u010dini uslugu i preveze u\u017einu, jer niko drugi ko ne poznaje teren ne bi to mogao da uradi u predvi\u0111enom roku. On je na to pristao i eto kako ga je ko\u0161tala njegova dobrota. Deci ta u\u017eina nije ni dostavljena jer je pakete odvezla policija, pa sam ja kasnije kada sam do\u0161ao iz Ni\u0161a, iz brige da li su ta deca uop\u0161te jela jer roditelji ako dete ima u\u017einu u \u0161koli, deci ne \u0161alju novac, o svom tro\u0161ku kupio kroasane u samoposluzi i odneo \u0111acima. Jako mi je \u017eao \u0161to sam zbog prijateljske molbe, \u017darku napravio problem, ka\u017ee Sr\u0111an Gligorijevi\u0107 za medije.<\/p>\n<p>POLICIJA DEMANTOVALA DA JE RADILA POSAO NOVINARA<\/p>\n<p>Na para\u0107inskom blogu za koji se u javnosti navodi, ali i po o\u010diglednom sadr\u017eaju, da simpti\u0161e SNS u ovom gradu, pojavila se fotografija privo\u0111enja \u017darka Savi\u0107a s le\u0111a. Na pitanje medija policiji da li su \u00a0pripadnici te slu\u017ebe fotografisali privo\u0111enje Savi\u0107a i prosledili blogu, odgovor je bio ,,naravno da nismo&#8221;, ali nije ba\u0161 sasvim jasno kako je kompletan sadr\u017eaj policijske prijave dospeo do bloga, \u0161to izaziva sumnju i pokazuje tendenciju zloupotrebe dr\u017eavnog aparata radi fabrikovanja materijala i la\u017ei za hajke na neistomi\u0161ljenike.<\/p>\n<p>&#8211; U policijskom automobilu sa mnom su bila jo\u0161 tri policajca. Kada smo iza\u0161li jedan mi je stavio ruku na le\u0111a i krenuo sa mnom. Dvojica su ostala iza nas. Nikog vi\u0161e tu nije bilo. Ne znam da li su policajci fotografisali, dvojica su i\u0161la iza nas. Bio sam okrenut le\u0111ima, \u0161to se vidi na fotografiji. Da sam video da su fotografisali podneo bih krivi\u010dnu prijavu. \u00a0Ne mogu da tvrdim da me je jedan od policajaca slikao i tu sliku dao naprednja\u010dkom portalu radi podizanja hajke, ali \u017eali\u0107u se na ovakvo postupanje. Nikome nisam dozvolio fotografisanje niti me je iko pitao za dozvolu. U \u0161oku sam ako je fotografiju na\u010dinio policajac, ali to ne mogu da tvrdim, isti\u010de Savi\u0107 za medije.<\/p>\n<p>ODGOVOR POLICIJE<\/p>\n<p>Pripadnici Ministarstva unutra\u0161njih poslova u Para\u0107inu zatekli su \u017d.S. (43) u dvori\u0161tu Osnovne \u0161kole \u201eVuk Karad\u017ei\u0107\u201c u selu Poto\u010dac dok je vozilom \u201ereno senik\u201c dostavljao u\u017einu u\u010denicima te \u0161kole. U vozilu je prona\u0111eno 127 pripremljenih obroka u plasti\u010dnim kutijama bez deklaracije i otpremnice. Tako\u0111e, \u017d.S. nije imao ugovor sa \u0161kolom, niti sa nekom drugom firmom na osnovu kog bi mogao da dostavlja hranu.<\/p>\n<p>O doga\u0111aju je obave\u0161ten zamenik osnovnog javnog tu\u017eioca u Para\u0107inu po \u010dijem nalogu je policija pretresla stan i druge prostorije koje koristi \u017d. S. U Policijskoj stanici u Para\u0107inu \u017d.S. je dao izjavu u formi slu\u017ebene bele\u0161ke o obave\u0161tenju primljenom od gra\u0111ana na okolnosti ovog doga\u0111aja. Policija, po nalogu tu\u017eila\u0161tva, nastavlja dalji rad, stoji u saop\u0161tenju Policijske uprave Jagodina.<\/p>\n<p>POSTUPAK PROVERE U TU\u017dILA\u0160TVU<\/p>\n<p>Pred Osnovnim javnim tu\u017eila\u0161tvom u Para\u0107inu u toku postupak provera da li se u radnjama nekog lica sti\u010du elementi krivi\u010dnog dela za koje se gonjenje preduzima po\u00a0 slu\u017ebenoj du\u017enosti, a u vezi\u00a0 pripremljenih obroka koji su od strane OSL PS Para\u0107in\u00a0 prona\u0111eni u vozilu\u00a0 \u017d.S. u dvori\u0161tu\u00a0 Osnovne \u0161kole \u201eVuk Karad\u017ei\u0107\u201c\u00a0 u selu Poto\u010dac, op\u0161tina Para\u0107in, saop\u0161teno je iz OJT u Para\u0107inu<\/p>\n<p>INSPEKCIJA UNI\u0160TILA U\u017dINU<\/p>\n<p>-Policijski inspektor je rekao da \u0107e u\u017eine biti vra\u0107ene posle sat vremena, deca su ostala gladna. Trebalo je da obavesti dobavlja\u010da da dostavi drugu u\u017einu. Veterinarska inspekcija je donela odluku da se u\u017eina uni\u0161ti, zbog nedozvoljenog na\u010dina transportovanja, jer nije bilo prate\u0107e dokumentacije i kao takva se uni\u0161tava. Nije bilo analize hrane. Konstatovano je da postoje kutije sa poklopcima, hranom i da nema deklaracije. Kada nema deklaracije ne mo\u017ee se analizirati, jer nema adekvatnog parametra, kao takva se progla\u0161ava nebezbednom i \u0161alje na uni\u0161tenje. U\u017eina je oduzeta u 8.30, a veterinarski inspektori su obavili pregled u 14 sati, obja\u0161njava Savi\u0107.<\/p>\n","protected":false},"excerpt":{"rendered":"<p>PARA\u0106IN- Policija je pro\u0161log petka uhapsila \u010dlana Op\u0161tinskog ve\u0107a i \u010dlana Pokreta \u201eZdrava pri\u010da\u201cu Para\u0107in \u017darka Savi\u0107a jer je pomagao prijatelju u prevozu u\u017eine za &hellip; <\/p>\n","protected":false},"author":2,"featured_media":18010,"comment_status":"open","ping_status":"open","sticky":false,"template":"","format":"standard","meta":{"footnotes":""},"categories":[1524,20,2,1516,887,12],"tags":[156,130,1046,3761],"_links":{"self":[{"href":"https:\/\/centralmedia.rs\/index.php\/wp-json\/wp\/v2\/posts\/18009"}],"collection":[{"href":"https:\/\/centralmedia.rs\/index.php\/wp-json\/wp\/v2\/posts"}],"about":[{"href":"https:\/\/centralmedia.rs\/index.php\/wp-json\/wp\/v2\/types\/post"}],"author":[{"embeddable":true,"href":"https:\/\/centralmedia.rs\/index.php\/wp-json\/wp\/v2\/users\/2"}],"replies":[{"embeddable":true,"href":"https:\/\/centralmedia.rs\/index.php\/wp-json\/wp\/v2\/comments?post=18009"}],"version-history":[{"count":7,"href":"https:\/\/centralmedia.rs\/index.php\/wp-json\/wp\/v2\/posts\/18009\/revisions"}],"predecessor-version":[{"id":18025,"href":"https:\/\/centralmedia.rs\/index.php\/wp-json\/wp\/v2\/posts\/18009\/revisions\/18025"}],"wp:featuredmedia":[{"embeddable":true,"href":"https:\/\/centralmedia.rs\/index.php\/wp-json\/wp\/v2\/media\/18010"}],"wp:attachment":[{"href":"https:\/\/centralmedia.rs\/index.php\/wp-json\/wp\/v2\/media?parent=18009"}],"wp:term":[{"taxonomy":"category","embeddable":true,"href":"https:\/\/centralmedia.rs\/index.php\/wp-json\/wp\/v2\/categories?post=18009"},{"taxonomy":"post_tag","embeddable":true,"href":"https:\/\/centralmedia.rs\/index.php\/wp-json\/wp\/v2\/tags?post=18009"}],"curies":[{"name":"wp","href":"https:\/\/api.w.org\/{rel}","templated":true}]}}