{"id":1801,"date":"2016-01-08T07:56:58","date_gmt":"2016-01-08T07:56:58","guid":{"rendered":"http:\/\/centralmedia.rs\/?p=1801"},"modified":"2016-01-08T07:56:58","modified_gmt":"2016-01-08T07:56:58","slug":"posledice-nevremena-ili-prirodna-smrt-dvoje-smrzlih-u-rekovcu","status":"publish","type":"post","link":"https:\/\/centralmedia.rs\/index.php\/2016\/01\/08\/posledice-nevremena-ili-prirodna-smrt-dvoje-smrzlih-u-rekovcu\/","title":{"rendered":"POSLEDICE NEVREMENA ILI PRIRODNA SMRT-DVOJE SMRZLIH U REKOVCU"},"content":{"rendered":"<p>REKOVAC-Tela dvoje preminulih starijih stanovnika rekova\u010dkih sela prona\u0111ena smrznuta u snegu, predsednik op\u0161tine i komandant \u0160taba za vanredne situacije Predrag \u0110or\u0111evi\u0107 ka\u017ee da nije umesno licitirati sa razlozima smrti jer su ,,prona\u0111eni u svojim dvori\u0161tima\u201d . Re\u010d je o  Miloradu \u017divanovi\u0107u (68) iz Siljevice i Jelici Stevanovi\u0107 (87) iz Lomnice. Osobe su prona\u0111ene 3 i 5 januara, kada je u tom kraju vladalo sne\u017eno nevreme.<br \/>\n        -Baka je bila te\u0161ko bolesna, iza\u0161la iz ku\u0107e u dvori\u0161te, verovatno je pala i nije mogla da ustane, smrzla se. Druga osoba je najverovatnije bila alkoholi\u010dar, uhvatila ga vejavica, me\u0107ava i on je pao u smet, zavejao ga sneg i preminuo, objasnio je direktor Doma zdravlja dr Ivan An\u0111eli\u0107.<br \/>\nPredsednik op\u0161tine \u0110or\u0111evi\u0107 isti\u010de da je nije umesno spekulisati oko razloga smrti te dve osobe.<br \/>\n        -\u0160ta se dogodilo u tom tretuku nije umesno naga\u0111ati, da li su se mo\u017eda okliznili ili prirodna smrt. Licitirati nad takvim stvarima, ne znam \u0161ta da ka\u017eem. Samo obdukcija mo\u017ee da poka\u017ee \u0161ta je ta\u010dan razlog smrti, evident je da je neki problem bio u tom trenutku sa njihovom zdravstvenom i fizikom sposobno\u0161\u0107u.  Osobe su na\u0111ene u svojim dvori\u0161tima u Lomnici i Siljevici, \u017eivele su same, ali imaju svoje \u0161ire porodice koje brinu o njima. Nije re\u010d o besku\u0107nicima. Ljudi imaju svoje potrebe i moraju da iza\u0111u van ku\u0107e, da li je prirodna smrt ili od pada, zapitao se on.<br \/>\n Ina\u010de, op\u0161tina uprava u Rekovcu je tokom sne\u017ene me\u0107ave odr\u017eava sve puteve u prohodnom stanju I \u010dak \u010distila sve sokake u selima.<\/p>\n","protected":false},"excerpt":{"rendered":"<p>REKOVAC-Tela dvoje preminulih starijih stanovnika rekova\u010dkih sela prona\u0111ena smrznuta u snegu, predsednik op\u0161tine i komandant \u0160taba za vanredne situacije Predrag \u0110or\u0111evi\u0107 ka\u017ee da nije umesno &hellip; <\/p>\n","protected":false},"author":4,"featured_media":1802,"comment_status":"open","ping_status":"open","sticky":false,"template":"","format":"standard","meta":{"footnotes":""},"categories":[20,2,12],"tags":[442,441,443],"_links":{"self":[{"href":"https:\/\/centralmedia.rs\/index.php\/wp-json\/wp\/v2\/posts\/1801"}],"collection":[{"href":"https:\/\/centralmedia.rs\/index.php\/wp-json\/wp\/v2\/posts"}],"about":[{"href":"https:\/\/centralmedia.rs\/index.php\/wp-json\/wp\/v2\/types\/post"}],"author":[{"embeddable":true,"href":"https:\/\/centralmedia.rs\/index.php\/wp-json\/wp\/v2\/users\/4"}],"replies":[{"embeddable":true,"href":"https:\/\/centralmedia.rs\/index.php\/wp-json\/wp\/v2\/comments?post=1801"}],"version-history":[{"count":0,"href":"https:\/\/centralmedia.rs\/index.php\/wp-json\/wp\/v2\/posts\/1801\/revisions"}],"wp:featuredmedia":[{"embeddable":true,"href":"https:\/\/centralmedia.rs\/index.php\/wp-json\/wp\/v2\/media\/1802"}],"wp:attachment":[{"href":"https:\/\/centralmedia.rs\/index.php\/wp-json\/wp\/v2\/media?parent=1801"}],"wp:term":[{"taxonomy":"category","embeddable":true,"href":"https:\/\/centralmedia.rs\/index.php\/wp-json\/wp\/v2\/categories?post=1801"},{"taxonomy":"post_tag","embeddable":true,"href":"https:\/\/centralmedia.rs\/index.php\/wp-json\/wp\/v2\/tags?post=1801"}],"curies":[{"name":"wp","href":"https:\/\/api.w.org\/{rel}","templated":true}]}}