{"id":18036,"date":"2019-05-29T03:20:58","date_gmt":"2019-05-29T03:20:58","guid":{"rendered":"http:\/\/centralmedia.rs\/?p=18036"},"modified":"2019-06-01T18:29:29","modified_gmt":"2019-06-01T18:29:29","slug":"asfaltiranje-u-selima","status":"publish","type":"post","link":"https:\/\/centralmedia.rs\/index.php\/2019\/05\/29\/asfaltiranje-u-selima\/","title":{"rendered":"ASFALTIRANJE U SELIMA"},"content":{"rendered":"<p>PARA\u0106IN- Prva seoska ulica ove godine u Para\u0107inu asfaltirana je u Ra\u0161evici. Re\u010d je o ulici Svetog Save i prethodno je u njoj je izgra\u0111ena vodovodna mre\u017ea, a sva doma\u0107instva priklju\u010dila su se na mre\u017eu koju kontroli\u0161e gradski vodovod. Takav redosled radova bi\u0107e primenjivan i ubudu\u0107e, a slede\u0107a na redu za asfaltiranej u ovom prekomoravskom selu, bi\u0107e ulica Nikole Tesle.<\/p>\n<p>&#8211; Osim radova u gradu i prigradskim naseljima, u selim se nastavljaju radovi na asfaltiranju u vi\u0161e mesnih zajendica.Pored Ra\u0161evice, o\u010dekuju se asfaltiranja ulica u Kla\u010devici i Donjoj Mutnici, a kasnije i u ve\u0107em broju drugih sela. Imamo i ugovoranje novog ciklusa asfaltiranja soskih ulica i rekosntrukcija lokanih puteva, navodi predsednik te op\u0161tine Sa\u0161a Paunovi\u0107.<\/p>\n<div id='gallery-1' class='gallery galleryid-18036 gallery-columns-4 gallery-size-full'><figure class='gallery-item'>\n\t\t\t<div class='gallery-icon landscape'>\n\t\t\t\t<a href='https:\/\/centralmedia.rs\/index.php\/2019\/05\/29\/asfaltiranje-u-selima\/rasevica\/'><img loading=\"lazy\" decoding=\"async\" width=\"1312\" height=\"640\" src=\"https:\/\/centralmedia.rs\/wp-content\/uploads\/2019\/05\/rasevica.jpg\" class=\"attachment-full size-full\" alt=\"\" srcset=\"https:\/\/centralmedia.rs\/wp-content\/uploads\/2019\/05\/rasevica.jpg 1312w, https:\/\/centralmedia.rs\/wp-content\/uploads\/2019\/05\/rasevica-300x146.jpg 300w, https:\/\/centralmedia.rs\/wp-content\/uploads\/2019\/05\/rasevica-768x375.jpg 768w, https:\/\/centralmedia.rs\/wp-content\/uploads\/2019\/05\/rasevica-1024x500.jpg 1024w, https:\/\/centralmedia.rs\/wp-content\/uploads\/2019\/05\/rasevica-861x420.jpg 861w, https:\/\/centralmedia.rs\/wp-content\/uploads\/2019\/05\/rasevica-640x312.jpg 640w, https:\/\/centralmedia.rs\/wp-content\/uploads\/2019\/05\/rasevica-681x332.jpg 681w\" sizes=\"(max-width: 1312px) 100vw, 1312px\" \/><\/a>\n\t\t\t<\/div><\/figure><figure class='gallery-item'>\n\t\t\t<div class='gallery-icon landscape'>\n\t\t\t\t<a href='https:\/\/centralmedia.rs\/index.php\/2019\/05\/29\/asfaltiranje-u-selima\/rasevica2\/'><img loading=\"lazy\" decoding=\"async\" width=\"2048\" height=\"1152\" src=\"https:\/\/centralmedia.rs\/wp-content\/uploads\/2019\/05\/rasevica2.jpg\" class=\"attachment-full size-full\" alt=\"\" srcset=\"https:\/\/centralmedia.rs\/wp-content\/uploads\/2019\/05\/rasevica2.jpg 2048w, https:\/\/centralmedia.rs\/wp-content\/uploads\/2019\/05\/rasevica2-300x169.jpg 300w, https:\/\/centralmedia.rs\/wp-content\/uploads\/2019\/05\/rasevica2-768x432.jpg 768w, https:\/\/centralmedia.rs\/wp-content\/uploads\/2019\/05\/rasevica2-1024x576.jpg 1024w, https:\/\/centralmedia.rs\/wp-content\/uploads\/2019\/05\/rasevica2-747x420.jpg 747w, https:\/\/centralmedia.rs\/wp-content\/uploads\/2019\/05\/rasevica2-640x360.jpg 640w, https:\/\/centralmedia.rs\/wp-content\/uploads\/2019\/05\/rasevica2-681x383.jpg 681w\" sizes=\"(max-width: 2048px) 100vw, 2048px\" \/><\/a>\n\t\t\t<\/div><\/figure><figure class='gallery-item'>\n\t\t\t<div class='gallery-icon landscape'>\n\t\t\t\t<a href='https:\/\/centralmedia.rs\/index.php\/2019\/05\/29\/asfaltiranje-u-selima\/rasevica3\/'><img loading=\"lazy\" decoding=\"async\" width=\"2048\" height=\"1152\" src=\"https:\/\/centralmedia.rs\/wp-content\/uploads\/2019\/05\/rasevica3.jpg\" class=\"attachment-full size-full\" alt=\"\" srcset=\"https:\/\/centralmedia.rs\/wp-content\/uploads\/2019\/05\/rasevica3.jpg 2048w, https:\/\/centralmedia.rs\/wp-content\/uploads\/2019\/05\/rasevica3-300x169.jpg 300w, https:\/\/centralmedia.rs\/wp-content\/uploads\/2019\/05\/rasevica3-768x432.jpg 768w, https:\/\/centralmedia.rs\/wp-content\/uploads\/2019\/05\/rasevica3-1024x576.jpg 1024w, https:\/\/centralmedia.rs\/wp-content\/uploads\/2019\/05\/rasevica3-747x420.jpg 747w, https:\/\/centralmedia.rs\/wp-content\/uploads\/2019\/05\/rasevica3-640x360.jpg 640w, https:\/\/centralmedia.rs\/wp-content\/uploads\/2019\/05\/rasevica3-681x383.jpg 681w\" sizes=\"(max-width: 2048px) 100vw, 2048px\" \/><\/a>\n\t\t\t<\/div><\/figure><figure class='gallery-item'>\n\t\t\t<div class='gallery-icon landscape'>\n\t\t\t\t<a href='https:\/\/centralmedia.rs\/index.php\/2019\/05\/29\/asfaltiranje-u-selima\/rasevica4\/'><img loading=\"lazy\" decoding=\"async\" width=\"2048\" height=\"1152\" src=\"https:\/\/centralmedia.rs\/wp-content\/uploads\/2019\/05\/rasevica4.jpg\" class=\"attachment-full size-full\" alt=\"\" srcset=\"https:\/\/centralmedia.rs\/wp-content\/uploads\/2019\/05\/rasevica4.jpg 2048w, https:\/\/centralmedia.rs\/wp-content\/uploads\/2019\/05\/rasevica4-300x169.jpg 300w, https:\/\/centralmedia.rs\/wp-content\/uploads\/2019\/05\/rasevica4-768x432.jpg 768w, https:\/\/centralmedia.rs\/wp-content\/uploads\/2019\/05\/rasevica4-1024x576.jpg 1024w, https:\/\/centralmedia.rs\/wp-content\/uploads\/2019\/05\/rasevica4-747x420.jpg 747w, https:\/\/centralmedia.rs\/wp-content\/uploads\/2019\/05\/rasevica4-640x360.jpg 640w, https:\/\/centralmedia.rs\/wp-content\/uploads\/2019\/05\/rasevica4-681x383.jpg 681w\" sizes=\"(max-width: 2048px) 100vw, 2048px\" \/><\/a>\n\t\t\t<\/div><\/figure>\n\t\t<\/div>\n\n","protected":false},"excerpt":{"rendered":"<p>PARA\u0106IN- Prva seoska ulica ove godine u Para\u0107inu asfaltirana je u Ra\u0161evici. Re\u010d je o ulici Svetog Save i prethodno je u njoj je izgra\u0111ena &hellip; <\/p>\n","protected":false},"author":2,"featured_media":18037,"comment_status":"open","ping_status":"open","sticky":false,"template":"","format":"standard","meta":{"footnotes":""},"categories":[1524,2,1516,887,16,12],"tags":[3152,156,3763],"_links":{"self":[{"href":"https:\/\/centralmedia.rs\/index.php\/wp-json\/wp\/v2\/posts\/18036"}],"collection":[{"href":"https:\/\/centralmedia.rs\/index.php\/wp-json\/wp\/v2\/posts"}],"about":[{"href":"https:\/\/centralmedia.rs\/index.php\/wp-json\/wp\/v2\/types\/post"}],"author":[{"embeddable":true,"href":"https:\/\/centralmedia.rs\/index.php\/wp-json\/wp\/v2\/users\/2"}],"replies":[{"embeddable":true,"href":"https:\/\/centralmedia.rs\/index.php\/wp-json\/wp\/v2\/comments?post=18036"}],"version-history":[{"count":1,"href":"https:\/\/centralmedia.rs\/index.php\/wp-json\/wp\/v2\/posts\/18036\/revisions"}],"predecessor-version":[{"id":18042,"href":"https:\/\/centralmedia.rs\/index.php\/wp-json\/wp\/v2\/posts\/18036\/revisions\/18042"}],"wp:featuredmedia":[{"embeddable":true,"href":"https:\/\/centralmedia.rs\/index.php\/wp-json\/wp\/v2\/media\/18037"}],"wp:attachment":[{"href":"https:\/\/centralmedia.rs\/index.php\/wp-json\/wp\/v2\/media?parent=18036"}],"wp:term":[{"taxonomy":"category","embeddable":true,"href":"https:\/\/centralmedia.rs\/index.php\/wp-json\/wp\/v2\/categories?post=18036"},{"taxonomy":"post_tag","embeddable":true,"href":"https:\/\/centralmedia.rs\/index.php\/wp-json\/wp\/v2\/tags?post=18036"}],"curies":[{"name":"wp","href":"https:\/\/api.w.org\/{rel}","templated":true}]}}