{"id":18072,"date":"2019-05-29T15:02:44","date_gmt":"2019-05-29T15:02:44","guid":{"rendered":"http:\/\/centralmedia.rs\/?p=18072"},"modified":"2019-06-01T18:30:45","modified_gmt":"2019-06-01T18:30:45","slug":"palma-pred-vise-od-4-hiljade-ljudi-otvorio-kancelariju-jedinstvene-srbije-u-paraliji","status":"publish","type":"post","link":"https:\/\/centralmedia.rs\/index.php\/2019\/05\/29\/palma-pred-vise-od-4-hiljade-ljudi-otvorio-kancelariju-jedinstvene-srbije-u-paraliji\/","title":{"rendered":"PALMA PRED VI\u0160E OD 4 HILJADE LJUDI OTVORIO KANCELARIJU JEDINSTVENE SRBIJE U PARALIJI"},"content":{"rendered":"<p style=\"font-weight: 400;\">Petu godina zaredom Jedinstvena Srbija je otvorila svoju kancelariju u popularnom gr\u010dkom letovali\u0161tu Paraliji u olimpijskoj regiji Pieria. Na otvaranju, pred vi\u0161e od 4 hiljade ljudi, gra\u0111ana Srbije koji letuju u ovom delu Gr\u010dke, predsednik Jedinstvene Srbije Dragan Markovi\u0107 Palma je istakao da ova kancelarija nema politi\u010dku funkciju ve\u0107 je na usluzi svim gra\u0111anima na letovanju.<\/p>\n<p style=\"font-weight: 400;\">\u201cDozvolite mi da vas pozdravim ne kao predsednik Jedinstvene Srbije, ve\u0107 kao \u010dovek koji se ne razlikuje od obi\u010dnih ljudi. Mene nije ponela ni slava ni popularnost i ja ho\u0107u da sa vama delim i dobro i lo\u0161e. Mi smo jedina politi\u010dka partija\u00a0 koja je otvorila kancelariju u nekoj evropskoj dr\u017eavi, a da se ta kancelarija ne bavi politikom, jer svi mi koji ovde letujemo, svi smo mi gra\u0111ani Srbije, a politika koju vodimo, kada pre\u0111emo granicu da ostane\u00a0 u Srbiji, a ovde da se dru\u017eimo, zaboravimo sve ono \u0161to je lo\u0161e jer odmor zato slu\u017ei. Ova kancelarija treba da pomogne onima koji imaju problem ako do njega do\u0111e za vreme boravka u Gr\u010dkoj i to je osnovni cilj ove kancelarije\u201d, poru\u010dio je predsednik Jedinstvene Srbije Dragan Markovi\u0107 Palma.<\/p>\n<p style=\"font-weight: 400;\">On je rekao da nikada vi\u0161e nije bilo ljudi na otvaranju kancelarije, a da on mnoge od njih poznaje i zna iz kojih gradova Srbije dolaze.<\/p>\n<p style=\"font-weight: 400;\">\u201cTo je veliki uspeh za mene kada sretnem na\u0161e ljude negde u Evropi i kada ima ko da im pomogne. Meni ne trebaju ministarske funkcije. Jedinstvena Srbija pare koje dobije od gra\u0111ana na osnovu broja poslanika u parlamentu te pare vra\u0107a gra\u0111anima, a ova kancelarija se upravo finansira iz tih izvora. Mi iz Jedinstvene Srbije \u010desto govorimo o porodici i za nas je porodica svetinja, kao i srpska kultura i narodna no\u0161nja. To nikada nesmemo da zaboravimo\u201d, kazao je Markovi\u0107.<\/p>\n","protected":false},"excerpt":{"rendered":"<p>Petu godina zaredom Jedinstvena Srbija je otvorila svoju kancelariju u popularnom gr\u010dkom letovali\u0161tu Paraliji u olimpijskoj regiji Pieria. Na otvaranju, pred vi\u0161e od 4 hiljade &hellip; <\/p>\n","protected":false},"author":2,"featured_media":18073,"comment_status":"open","ping_status":"open","sticky":false,"template":"","format":"standard","meta":{"footnotes":""},"categories":[1524,2,1514,13,12],"tags":[949,120,845],"_links":{"self":[{"href":"https:\/\/centralmedia.rs\/index.php\/wp-json\/wp\/v2\/posts\/18072"}],"collection":[{"href":"https:\/\/centralmedia.rs\/index.php\/wp-json\/wp\/v2\/posts"}],"about":[{"href":"https:\/\/centralmedia.rs\/index.php\/wp-json\/wp\/v2\/types\/post"}],"author":[{"embeddable":true,"href":"https:\/\/centralmedia.rs\/index.php\/wp-json\/wp\/v2\/users\/2"}],"replies":[{"embeddable":true,"href":"https:\/\/centralmedia.rs\/index.php\/wp-json\/wp\/v2\/comments?post=18072"}],"version-history":[{"count":1,"href":"https:\/\/centralmedia.rs\/index.php\/wp-json\/wp\/v2\/posts\/18072\/revisions"}],"predecessor-version":[{"id":18074,"href":"https:\/\/centralmedia.rs\/index.php\/wp-json\/wp\/v2\/posts\/18072\/revisions\/18074"}],"wp:featuredmedia":[{"embeddable":true,"href":"https:\/\/centralmedia.rs\/index.php\/wp-json\/wp\/v2\/media\/18073"}],"wp:attachment":[{"href":"https:\/\/centralmedia.rs\/index.php\/wp-json\/wp\/v2\/media?parent=18072"}],"wp:term":[{"taxonomy":"category","embeddable":true,"href":"https:\/\/centralmedia.rs\/index.php\/wp-json\/wp\/v2\/categories?post=18072"},{"taxonomy":"post_tag","embeddable":true,"href":"https:\/\/centralmedia.rs\/index.php\/wp-json\/wp\/v2\/tags?post=18072"}],"curies":[{"name":"wp","href":"https:\/\/api.w.org\/{rel}","templated":true}]}}