{"id":18089,"date":"2019-05-31T09:19:50","date_gmt":"2019-05-31T09:19:50","guid":{"rendered":"http:\/\/centralmedia.rs\/?p=18089"},"modified":"2019-06-01T18:31:10","modified_gmt":"2019-06-01T18:31:10","slug":"osniva-se-prvi-srpski-agroindustrijski-centar-kao-temelj-privrede-zlatiborskog-okruga","status":"publish","type":"post","link":"https:\/\/centralmedia.rs\/index.php\/2019\/05\/31\/osniva-se-prvi-srpski-agroindustrijski-centar-kao-temelj-privrede-zlatiborskog-okruga\/","title":{"rendered":"OSNIVA SE PRVI SRPSKI AGROINDUSTRIJSKI CENTAR KAO TEMELj PRIVREDE ZLATIBORSKOG OKRUGA"},"content":{"rendered":"<p>\u010cAJETINA- U organizaciji op\u0161tine \u010cajetina i uz pomo\u0107 ambasade Kraljevine \u0160vedske<strong>\u00a0 <\/strong>\u00a0na Zlatiboru \u0107e se 3. juna 2019. godine odr\u017eati Regionalna konferencija \u201eAgroindustrijski centar \u2013 temelj privrede Zlatiborskog okruga\u201c, \u010dime \u0107e se ozna\u010diti po\u010detak realizacije jednog od najve\u0107ih projekata Zlatiborskog okruga i op\u0161tine \u010cajetina u narednom periodu. Budu\u0107i Agroindustrijski centar Zlatibor bi\u0107e prvi takav centar u Srbiji i njegovim predstavljanjem u okviru konferencije, koja \u0107e se odr\u017eati u hotelu \u201eTornik\u201c, bi\u0107e pru\u017een novi pogled na razvoj lokalne zajednice i ekonomije regiona.<\/p>\n<div id='gallery-1' class='gallery galleryid-18089 gallery-columns-3 gallery-size-thumbnail'><figure class='gallery-item'>\n\t\t\t<div class='gallery-icon landscape'>\n\t\t\t\t<a href='https:\/\/centralmedia.rs\/index.php\/2019\/05\/31\/osniva-se-prvi-srpski-agroindustrijski-centar-kao-temelj-privrede-zlatiborskog-okruga\/nasazlatka\/'><img loading=\"lazy\" decoding=\"async\" width=\"150\" height=\"150\" src=\"https:\/\/centralmedia.rs\/wp-content\/uploads\/2019\/05\/nasazlatka-150x150.jpg\" class=\"attachment-thumbnail size-thumbnail\" alt=\"\" \/><\/a>\n\t\t\t<\/div><\/figure><figure class='gallery-item'>\n\t\t\t<div class='gallery-icon landscape'>\n\t\t\t\t<a href='https:\/\/centralmedia.rs\/index.php\/2019\/05\/31\/osniva-se-prvi-srpski-agroindustrijski-centar-kao-temelj-privrede-zlatiborskog-okruga\/nasa-zlatka-31\/'><img loading=\"lazy\" decoding=\"async\" width=\"150\" height=\"150\" src=\"https:\/\/centralmedia.rs\/wp-content\/uploads\/2019\/05\/Nasa-Zlatka-31-150x150.jpg\" class=\"attachment-thumbnail size-thumbnail\" alt=\"\" \/><\/a>\n\t\t\t<\/div><\/figure><figure class='gallery-item'>\n\t\t\t<div class='gallery-icon landscape'>\n\t\t\t\t<a href='https:\/\/centralmedia.rs\/index.php\/2019\/05\/31\/osniva-se-prvi-srpski-agroindustrijski-centar-kao-temelj-privrede-zlatiborskog-okruga\/regionalna-konferencija-zlatibor-logo\/'><img loading=\"lazy\" decoding=\"async\" width=\"150\" height=\"150\" src=\"https:\/\/centralmedia.rs\/wp-content\/uploads\/2019\/05\/Regionalna-konferencija-Zlatibor-logo-150x150.jpg\" class=\"attachment-thumbnail size-thumbnail\" alt=\"\" \/><\/a>\n\t\t\t<\/div><\/figure>\n\t\t<\/div>\n\n<p>Konferenciju \u0107e otvoriti Milan Stamatovi\u0107, predsednik op\u0161tine \u010cajetina i njegova ekselencija Jan Lundin, ambasador Kraljevine \u0160vedske u Beogradu, budu\u0107i da je \u0160vedska, kao jedna od zemalja sa velikim iskustvom u ovoj oblasti, pru\u017eila klju\u010dnu podr\u0161ku projektu. Na celodnevnoj konferenciji \u0107e u\u010destvovati eminentni profesori Poljoprivrednog fakulteta Univerziteta u Beogradu: prof. Zorica Vasiljevi\u0107, dr Miladin \u0160evarli\u0107, Zoran Raji\u0107, uspe\u0161ni preduzetnici i predstavnici struke iz Srbije: Vladimir Bojovi\u0107, direktor \u201eEko Agrara\u201c, Slavko Luki\u0107, direktor Regionalne razvojne agencije Zlatibor, Aleksandar Leposavi\u0107 Institut za vo\u0107arstvo \u010ca\u010dak, zatim predstavnici proizvo\u0111a\u010da iz Republike Srpske i gosti: Katarina Gilblad, ekspertkinja za tr\u017ei\u0161te roba i osniva\u010d konsultantske firme <em>Agronomics Scandinavia AB <\/em>iz \u0160vedske i Kristos Andrea, osniva\u010d i izvr\u0161ni direktor agroindustrijskog centra sa Kipra, koji \u0107e svojim primerom i iskustvom tako\u0111e doprineti realizaciji projekta.<\/p>\n<p>Kroz panel diskusije i prezentacije ukaza\u0107e se na nu\u017enost osnivanja ovakvog centra, adekvatne modele poslovanja, mogu\u0107nosti i koristi koji se njegovim radom mogu ostvariti kako u Zlatiborskom okrugu, tako i za privredu cele zemlje.<\/p>\n<p>Cilj konferencije, a samim tim i inicijative je osna\u017eivanje lokalnih proizvo\u0111a\u010da, stvaranje povoljnog poslovnog ambijenta za lokalne privrednike, podsticanje preduzetni\u0161tva, ja\u010danje lokalne i regionalne privrede, zajedni\u010dki nastup na doma\u0107em i inostranom tr\u017ei\u0161tu, informisanje i edukacija, promocija privrede Zlatiborskog okruga i tradicionalnih zlatiborskih proizvoda.<\/p>\n<p>Formiranje budu\u0107eg <em>Agronidustrijskog centra<\/em> zapo\u010deto je pilot-projektom izgradnje mini mlekare \u201eNa\u0161a Zlatka\u201c u selu Kriva Reka na Zlatiboru, koja od septembra 2017. godine otkupljuje mleko isklju\u010divo od proizvo\u0111a\u010da sa podru\u010dja op\u0161tine \u010cajetina. Od osnivanja do danas, ostvareni su rezultati prema kojima je, usled potreba tr\u017ei\u0161ta pove\u0107an obim poslovanja mlekare sa po\u010detnih 2.000 litara otkupljenog mleka dnevno na 20.000 litara dnevnog unosa, \u010dime se nedvosmileno pokazalo da na\u0161e tr\u017ei\u0161te ima potencijal i za formiranje agronindustrijskog centra.<\/p>\n<p>Uz konferenciju, na glavnom zlatiborskom trgu istog dana bi\u0107e odr\u017ean i bazar na kome \u0107e lokalni proizvo\u0111a\u010di prodavati svoje proizvode i biti odr\u017eane edukativne radionice iz oblasti organske proizvodnje, nutricionizma, p\u010delarstva i drugih oblasti poljoprivrede. Sve\u010dano otvaranje bazara prediv\u0111eno je u 10 \u010dasova, uz prikladan kulturno-umetni\u010dki program.<\/p>\n","protected":false},"excerpt":{"rendered":"<p>\u010cAJETINA- U organizaciji op\u0161tine \u010cajetina i uz pomo\u0107 ambasade Kraljevine \u0160vedske\u00a0 \u00a0na Zlatiboru \u0107e se 3. juna 2019. godine odr\u017eati Regionalna konferencija \u201eAgroindustrijski centar \u2013 &hellip; <\/p>\n","protected":false},"author":2,"featured_media":18090,"comment_status":"open","ping_status":"open","sticky":false,"template":"","format":"standard","meta":{"footnotes":""},"categories":[22,2875,1524,2,12],"tags":[3769,2762,1794,3770],"_links":{"self":[{"href":"https:\/\/centralmedia.rs\/index.php\/wp-json\/wp\/v2\/posts\/18089"}],"collection":[{"href":"https:\/\/centralmedia.rs\/index.php\/wp-json\/wp\/v2\/posts"}],"about":[{"href":"https:\/\/centralmedia.rs\/index.php\/wp-json\/wp\/v2\/types\/post"}],"author":[{"embeddable":true,"href":"https:\/\/centralmedia.rs\/index.php\/wp-json\/wp\/v2\/users\/2"}],"replies":[{"embeddable":true,"href":"https:\/\/centralmedia.rs\/index.php\/wp-json\/wp\/v2\/comments?post=18089"}],"version-history":[{"count":2,"href":"https:\/\/centralmedia.rs\/index.php\/wp-json\/wp\/v2\/posts\/18089\/revisions"}],"predecessor-version":[{"id":18094,"href":"https:\/\/centralmedia.rs\/index.php\/wp-json\/wp\/v2\/posts\/18089\/revisions\/18094"}],"wp:featuredmedia":[{"embeddable":true,"href":"https:\/\/centralmedia.rs\/index.php\/wp-json\/wp\/v2\/media\/18090"}],"wp:attachment":[{"href":"https:\/\/centralmedia.rs\/index.php\/wp-json\/wp\/v2\/media?parent=18089"}],"wp:term":[{"taxonomy":"category","embeddable":true,"href":"https:\/\/centralmedia.rs\/index.php\/wp-json\/wp\/v2\/categories?post=18089"},{"taxonomy":"post_tag","embeddable":true,"href":"https:\/\/centralmedia.rs\/index.php\/wp-json\/wp\/v2\/tags?post=18089"}],"curies":[{"name":"wp","href":"https:\/\/api.w.org\/{rel}","templated":true}]}}