{"id":1809,"date":"2016-01-09T17:46:55","date_gmt":"2016-01-09T17:46:55","guid":{"rendered":"http:\/\/centralmedia.rs\/?p=1809"},"modified":"2016-01-09T17:46:55","modified_gmt":"2016-01-09T17:46:55","slug":"srpska-nova-u-pomoravlju-stoja-sneki-i-bilja","status":"publish","type":"post","link":"https:\/\/centralmedia.rs\/index.php\/2016\/01\/09\/srpska-nova-u-pomoravlju-stoja-sneki-i-bilja\/","title":{"rendered":"SRPSKA NOVA U POMORAVLJU &#8211; STOJA, SNEKI I BILJA"},"content":{"rendered":"<p>JAGODINA-Srpska nova godina u pomoravskim gradovima prote\u0107i \u0107e u narodnja\u010dkim tonovima  uz Stojanku Novakovi\u0107- Stoju u Jagodini, Sne\u017eanu Babi\u0107- Sneki u Svilajncu i Biljanu Se\u010divanovi\u0107 u \u0106upriji.<br \/>\n<a href=\"https:\/\/centralmedia.rs\/wp-content\/uploads\/2016\/01\/sneki.jpg\" rel=\"attachment wp-att-1811\"><img loading=\"lazy\" decoding=\"async\" src=\"https:\/\/centralmedia.rs\/wp-content\/uploads\/2016\/01\/sneki-212x300.jpg\" alt=\"sneki\" width=\"212\" height=\"300\" class=\"alignnone size-medium wp-image-1811\" srcset=\"https:\/\/centralmedia.rs\/wp-content\/uploads\/2016\/01\/sneki-212x300.jpg 212w, https:\/\/centralmedia.rs\/wp-content\/uploads\/2016\/01\/sneki.jpg 678w\" sizes=\"(max-width: 212px) 100vw, 212px\" \/><\/a><a href=\"https:\/\/centralmedia.rs\/wp-content\/uploads\/2016\/01\/secivanovic.jpg\" rel=\"attachment wp-att-1812\"><img loading=\"lazy\" decoding=\"async\" src=\"https:\/\/centralmedia.rs\/wp-content\/uploads\/2016\/01\/secivanovic-300x203.jpg\" alt=\"secivanovic\" width=\"300\" height=\"203\" class=\"alignnone size-medium wp-image-1812\" srcset=\"https:\/\/centralmedia.rs\/wp-content\/uploads\/2016\/01\/secivanovic-300x203.jpg 300w, https:\/\/centralmedia.rs\/wp-content\/uploads\/2016\/01\/secivanovic.jpg 620w\" sizes=\"(max-width: 300px) 100vw, 300px\" \/><\/a><br \/>\n Nastupi su u organizaciji lokanih samouprava i bi\u0107e odr\u017eani na centralnim trgovima, a programi po\u010dinju oko 23 sata.<\/p>\n","protected":false},"excerpt":{"rendered":"<p>JAGODINA-Srpska nova godina u pomoravskim gradovima prote\u0107i \u0107e u narodnja\u010dkim tonovima uz Stojanku Novakovi\u0107- Stoju u Jagodini, Sne\u017eanu Babi\u0107- Sneki u Svilajncu i Biljanu Se\u010divanovi\u0107 &hellip; <\/p>\n","protected":false},"author":4,"featured_media":1810,"comment_status":"open","ping_status":"open","sticky":false,"template":"","format":"standard","meta":{"footnotes":""},"categories":[2,16,12],"tags":[448,44,58,446,447,38],"_links":{"self":[{"href":"https:\/\/centralmedia.rs\/index.php\/wp-json\/wp\/v2\/posts\/1809"}],"collection":[{"href":"https:\/\/centralmedia.rs\/index.php\/wp-json\/wp\/v2\/posts"}],"about":[{"href":"https:\/\/centralmedia.rs\/index.php\/wp-json\/wp\/v2\/types\/post"}],"author":[{"embeddable":true,"href":"https:\/\/centralmedia.rs\/index.php\/wp-json\/wp\/v2\/users\/4"}],"replies":[{"embeddable":true,"href":"https:\/\/centralmedia.rs\/index.php\/wp-json\/wp\/v2\/comments?post=1809"}],"version-history":[{"count":0,"href":"https:\/\/centralmedia.rs\/index.php\/wp-json\/wp\/v2\/posts\/1809\/revisions"}],"wp:featuredmedia":[{"embeddable":true,"href":"https:\/\/centralmedia.rs\/index.php\/wp-json\/wp\/v2\/media\/1810"}],"wp:attachment":[{"href":"https:\/\/centralmedia.rs\/index.php\/wp-json\/wp\/v2\/media?parent=1809"}],"wp:term":[{"taxonomy":"category","embeddable":true,"href":"https:\/\/centralmedia.rs\/index.php\/wp-json\/wp\/v2\/categories?post=1809"},{"taxonomy":"post_tag","embeddable":true,"href":"https:\/\/centralmedia.rs\/index.php\/wp-json\/wp\/v2\/tags?post=1809"}],"curies":[{"name":"wp","href":"https:\/\/api.w.org\/{rel}","templated":true}]}}