{"id":18117,"date":"2019-06-01T17:46:23","date_gmt":"2019-06-01T17:46:23","guid":{"rendered":"http:\/\/centralmedia.rs\/?p=18117"},"modified":"2019-06-01T20:23:19","modified_gmt":"2019-06-01T20:23:19","slug":"apel-porodice-zvedinog-legendarnog-kapitena-zvonka-milojevica","status":"publish","type":"post","link":"https:\/\/centralmedia.rs\/index.php\/2019\/06\/01\/apel-porodice-zvedinog-legendarnog-kapitena-zvonka-milojevica\/","title":{"rendered":"APEL PORODICE ZVEDINOG LEGENDARNOG KAPITENA ZVONKA MILOJEVI\u0106A"},"content":{"rendered":"<p>Nestao je Mladen Milojevi\u0107 (22) iz Jagodine u okolini Um\u010dra kod Beograda. Poslednji put je vi\u0111en ju\u010de oko 13 sati na naplatnoj rampi u Um\u010darima, kada se isklju\u010dio sa autoputa, nosio je sivi duks. Mole se svi koji imaju informacije o Mladenu da jave na telefon 063- 15 40 995. Mladen je sin Zvonka Milojevi\u0107a, legendarnog golmana i kapitena Crvene zvezde.<\/p>\n<div id='gallery-1' class='gallery galleryid-18117 gallery-columns-4 gallery-size-full'><figure class='gallery-item'>\n\t\t\t<div class='gallery-icon portrait'>\n\t\t\t\t<a href='https:\/\/centralmedia.rs\/index.php\/2019\/06\/01\/apel-porodice-zvedinog-legendarnog-kapitena-zvonka-milojevica\/mladen-2\/'><img loading=\"lazy\" decoding=\"async\" width=\"720\" height=\"1280\" src=\"https:\/\/centralmedia.rs\/wp-content\/uploads\/2019\/06\/mladen.jpg\" class=\"attachment-full size-full\" alt=\"\" srcset=\"https:\/\/centralmedia.rs\/wp-content\/uploads\/2019\/06\/mladen.jpg 720w, https:\/\/centralmedia.rs\/wp-content\/uploads\/2019\/06\/mladen-169x300.jpg 169w, https:\/\/centralmedia.rs\/wp-content\/uploads\/2019\/06\/mladen-576x1024.jpg 576w, https:\/\/centralmedia.rs\/wp-content\/uploads\/2019\/06\/mladen-236x420.jpg 236w, https:\/\/centralmedia.rs\/wp-content\/uploads\/2019\/06\/mladen-640x1138.jpg 640w, https:\/\/centralmedia.rs\/wp-content\/uploads\/2019\/06\/mladen-681x1211.jpg 681w\" sizes=\"(max-width: 720px) 100vw, 720px\" \/><\/a>\n\t\t\t<\/div><\/figure><figure class='gallery-item'>\n\t\t\t<div class='gallery-icon portrait'>\n\t\t\t\t<a href='https:\/\/centralmedia.rs\/index.php\/2019\/06\/01\/apel-porodice-zvedinog-legendarnog-kapitena-zvonka-milojevica\/mladen1\/'><img loading=\"lazy\" decoding=\"async\" width=\"720\" height=\"1280\" src=\"https:\/\/centralmedia.rs\/wp-content\/uploads\/2019\/06\/mladen1.jpg\" class=\"attachment-full size-full\" alt=\"\" srcset=\"https:\/\/centralmedia.rs\/wp-content\/uploads\/2019\/06\/mladen1.jpg 720w, https:\/\/centralmedia.rs\/wp-content\/uploads\/2019\/06\/mladen1-169x300.jpg 169w, https:\/\/centralmedia.rs\/wp-content\/uploads\/2019\/06\/mladen1-576x1024.jpg 576w, https:\/\/centralmedia.rs\/wp-content\/uploads\/2019\/06\/mladen1-236x420.jpg 236w, https:\/\/centralmedia.rs\/wp-content\/uploads\/2019\/06\/mladen1-640x1138.jpg 640w, https:\/\/centralmedia.rs\/wp-content\/uploads\/2019\/06\/mladen1-681x1211.jpg 681w\" sizes=\"(max-width: 720px) 100vw, 720px\" \/><\/a>\n\t\t\t<\/div><\/figure><figure class='gallery-item'>\n\t\t\t<div class='gallery-icon portrait'>\n\t\t\t\t<a href='https:\/\/centralmedia.rs\/index.php\/2019\/06\/01\/apel-porodice-zvedinog-legendarnog-kapitena-zvonka-milojevica\/mladen3\/'><img loading=\"lazy\" decoding=\"async\" width=\"686\" height=\"1120\" src=\"https:\/\/centralmedia.rs\/wp-content\/uploads\/2019\/06\/mladen3.jpg\" class=\"attachment-full size-full\" alt=\"\" srcset=\"https:\/\/centralmedia.rs\/wp-content\/uploads\/2019\/06\/mladen3.jpg 686w, https:\/\/centralmedia.rs\/wp-content\/uploads\/2019\/06\/mladen3-184x300.jpg 184w, https:\/\/centralmedia.rs\/wp-content\/uploads\/2019\/06\/mladen3-627x1024.jpg 627w, https:\/\/centralmedia.rs\/wp-content\/uploads\/2019\/06\/mladen3-257x420.jpg 257w, https:\/\/centralmedia.rs\/wp-content\/uploads\/2019\/06\/mladen3-640x1045.jpg 640w, https:\/\/centralmedia.rs\/wp-content\/uploads\/2019\/06\/mladen3-681x1112.jpg 681w\" sizes=\"(max-width: 686px) 100vw, 686px\" \/><\/a>\n\t\t\t<\/div><\/figure><figure class='gallery-item'>\n\t\t\t<div class='gallery-icon portrait'>\n\t\t\t\t<a href='https:\/\/centralmedia.rs\/index.php\/2019\/06\/01\/apel-porodice-zvedinog-legendarnog-kapitena-zvonka-milojevica\/telefon\/'><img loading=\"lazy\" decoding=\"async\" width=\"720\" height=\"1280\" src=\"https:\/\/centralmedia.rs\/wp-content\/uploads\/2019\/06\/telefon.jpg\" class=\"attachment-full size-full\" alt=\"\" srcset=\"https:\/\/centralmedia.rs\/wp-content\/uploads\/2019\/06\/telefon.jpg 720w, https:\/\/centralmedia.rs\/wp-content\/uploads\/2019\/06\/telefon-169x300.jpg 169w, https:\/\/centralmedia.rs\/wp-content\/uploads\/2019\/06\/telefon-576x1024.jpg 576w, https:\/\/centralmedia.rs\/wp-content\/uploads\/2019\/06\/telefon-236x420.jpg 236w, https:\/\/centralmedia.rs\/wp-content\/uploads\/2019\/06\/telefon-640x1138.jpg 640w, https:\/\/centralmedia.rs\/wp-content\/uploads\/2019\/06\/telefon-681x1211.jpg 681w\" sizes=\"(max-width: 720px) 100vw, 720px\" \/><\/a>\n\t\t\t<\/div><\/figure>\n\t\t<\/div>\n\n","protected":false},"excerpt":{"rendered":"<p>Nestao je Mladen Milojevi\u0107 (22) iz Jagodine u okolini Um\u010dra kod Beograda. Poslednji put je vi\u0111en ju\u010de oko 13 sati na naplatnoj rampi u Um\u010darima, &hellip; <\/p>\n","protected":false},"author":2,"featured_media":18118,"comment_status":"open","ping_status":"open","sticky":false,"template":"","format":"standard","meta":{"footnotes":""},"categories":[2,3048],"tags":[3775,2095],"_links":{"self":[{"href":"https:\/\/centralmedia.rs\/index.php\/wp-json\/wp\/v2\/posts\/18117"}],"collection":[{"href":"https:\/\/centralmedia.rs\/index.php\/wp-json\/wp\/v2\/posts"}],"about":[{"href":"https:\/\/centralmedia.rs\/index.php\/wp-json\/wp\/v2\/types\/post"}],"author":[{"embeddable":true,"href":"https:\/\/centralmedia.rs\/index.php\/wp-json\/wp\/v2\/users\/2"}],"replies":[{"embeddable":true,"href":"https:\/\/centralmedia.rs\/index.php\/wp-json\/wp\/v2\/comments?post=18117"}],"version-history":[{"count":3,"href":"https:\/\/centralmedia.rs\/index.php\/wp-json\/wp\/v2\/posts\/18117\/revisions"}],"predecessor-version":[{"id":18125,"href":"https:\/\/centralmedia.rs\/index.php\/wp-json\/wp\/v2\/posts\/18117\/revisions\/18125"}],"wp:featuredmedia":[{"embeddable":true,"href":"https:\/\/centralmedia.rs\/index.php\/wp-json\/wp\/v2\/media\/18118"}],"wp:attachment":[{"href":"https:\/\/centralmedia.rs\/index.php\/wp-json\/wp\/v2\/media?parent=18117"}],"wp:term":[{"taxonomy":"category","embeddable":true,"href":"https:\/\/centralmedia.rs\/index.php\/wp-json\/wp\/v2\/categories?post=18117"},{"taxonomy":"post_tag","embeddable":true,"href":"https:\/\/centralmedia.rs\/index.php\/wp-json\/wp\/v2\/tags?post=18117"}],"curies":[{"name":"wp","href":"https:\/\/api.w.org\/{rel}","templated":true}]}}