{"id":1814,"date":"2016-01-09T17:52:33","date_gmt":"2016-01-09T17:52:33","guid":{"rendered":"http:\/\/centralmedia.rs\/?p=1814"},"modified":"2016-01-09T17:53:38","modified_gmt":"2016-01-09T17:53:38","slug":"eps-potpisao-ugovor-samo-sa-ibarskim-rudnicima","status":"publish","type":"post","link":"https:\/\/centralmedia.rs\/index.php\/2016\/01\/09\/eps-potpisao-ugovor-samo-sa-ibarskim-rudnicima\/","title":{"rendered":"JAMSKI RUDNICI UGLJA NAJAVLJU \u0160TRAJK"},"content":{"rendered":"<p>EPS POTPISAO UGOVOR SAMO SA IBARSKIM RUDNICIMA<br \/>\nRESAVICA-Predsednik Sidikata radnika devet jamskih rudnika ulja Resavica Neboj\u0161a Milenkovi\u0107 najavio je da \u0107e u ponedeljak biti doneta odluka o  \u0161trajku, jer termoelektrane EPS ne preuzimaju proizvedeni ugalj.  Direktor EPS Aleksandar Obradovi\u0107 potpisao ugovor o preuzimanju uglja iz Ibarskih rudnika, dok sa ostalih osam nije.<br \/>\n-Jamski rudnici su u te\u0161koj situaciji, jer EPS ne po\u0161tuje dogovor sa ministrom Aleksandrom Anti\u0107em o preuzimanju proizvedenog uglja. Zahtevamo hitno re\u0161avanje tog problema.  Zbog toga \u0107emo u ponedeljak doneti odluku o upozorenju, protestima i obustavi proizvodnje, jer nema potrebe da se ugalj proizvodi za deponije, najavljuje Milenkovi\u0107.<br \/>\n<a href=\"https:\/\/centralmedia.rs\/wp-content\/uploads\/2015\/11\/rudari-3-resavica-g.j..jpg\" rel=\"attachment wp-att-1177\"><img loading=\"lazy\" decoding=\"async\" src=\"https:\/\/centralmedia.rs\/wp-content\/uploads\/2015\/11\/rudari-3-resavica-g.j.-300x225.jpg\" alt=\"rudari 3-resavica-g.j.\" width=\"300\" height=\"225\" class=\"alignnone size-medium wp-image-1177\" srcset=\"https:\/\/centralmedia.rs\/wp-content\/uploads\/2015\/11\/rudari-3-resavica-g.j.-300x225.jpg 300w, https:\/\/centralmedia.rs\/wp-content\/uploads\/2015\/11\/rudari-3-resavica-g.j.-1024x768.jpg 1024w, https:\/\/centralmedia.rs\/wp-content\/uploads\/2015\/11\/rudari-3-resavica-g.j.-80x60.jpg 80w, https:\/\/centralmedia.rs\/wp-content\/uploads\/2015\/11\/rudari-3-resavica-g.j.-265x198.jpg 265w, https:\/\/centralmedia.rs\/wp-content\/uploads\/2015\/11\/rudari-3-resavica-g.j..jpg 1600w\" sizes=\"(max-width: 300px) 100vw, 300px\" \/><\/a><br \/>\nSa ministrom Anti\u0107em dogovoreno da EPS iz rudnika Resavice preuzme 300 hiljada tona uglja na godi\u0161njem nivou, ali do toga nije do\u0161lo.<br \/>\n-EPS je uvek preuzimao kompletnu proizvodnju uglja, nije bilo ograni\u010denja plasmana. Pro\u0161le godine se dogodio veliki problem, zbog toga \u0107emo morati da u\u0111emo u postupak progla\u0161enja \u0161trajka, zaklju\u010dio je Milenkovi\u0107.<\/p>\n","protected":false},"excerpt":{"rendered":"<p>EPS POTPISAO UGOVOR SAMO SA IBARSKIM RUDNICIMA RESAVICA-Predsednik Sidikata radnika devet jamskih rudnika ulja Resavica Neboj\u0161a Milenkovi\u0107 najavio je da \u0107e u ponedeljak biti doneta &hellip; <\/p>\n","protected":false},"author":4,"featured_media":1175,"comment_status":"open","ping_status":"open","sticky":false,"template":"","format":"standard","meta":{"footnotes":""},"categories":[14,2,12],"tags":[449,53,211],"_links":{"self":[{"href":"https:\/\/centralmedia.rs\/index.php\/wp-json\/wp\/v2\/posts\/1814"}],"collection":[{"href":"https:\/\/centralmedia.rs\/index.php\/wp-json\/wp\/v2\/posts"}],"about":[{"href":"https:\/\/centralmedia.rs\/index.php\/wp-json\/wp\/v2\/types\/post"}],"author":[{"embeddable":true,"href":"https:\/\/centralmedia.rs\/index.php\/wp-json\/wp\/v2\/users\/4"}],"replies":[{"embeddable":true,"href":"https:\/\/centralmedia.rs\/index.php\/wp-json\/wp\/v2\/comments?post=1814"}],"version-history":[{"count":0,"href":"https:\/\/centralmedia.rs\/index.php\/wp-json\/wp\/v2\/posts\/1814\/revisions"}],"wp:featuredmedia":[{"embeddable":true,"href":"https:\/\/centralmedia.rs\/index.php\/wp-json\/wp\/v2\/media\/1175"}],"wp:attachment":[{"href":"https:\/\/centralmedia.rs\/index.php\/wp-json\/wp\/v2\/media?parent=1814"}],"wp:term":[{"taxonomy":"category","embeddable":true,"href":"https:\/\/centralmedia.rs\/index.php\/wp-json\/wp\/v2\/categories?post=1814"},{"taxonomy":"post_tag","embeddable":true,"href":"https:\/\/centralmedia.rs\/index.php\/wp-json\/wp\/v2\/tags?post=1814"}],"curies":[{"name":"wp","href":"https:\/\/api.w.org\/{rel}","templated":true}]}}